{"id":1067713,"date":"2021-07-16T10:18:36","date_gmt":"2021-07-16T07:18:36","guid":{"rendered":"https:\/\/msport.ee\/?p=1067713"},"modified":"2021-07-16T10:18:37","modified_gmt":"2021-07-16T07:18:37","slug":"tana-algab-suursundmus-saaremaal-enduro-mm-i-kolmas-etapp","status":"publish","type":"post","link":"https:\/\/msport.ee\/en\/2021\/07\/16\/tana-algab-suursundmus-saaremaal-enduro-mm-i-kolmas-etapp\/","title":{"rendered":"T\u00e4na algab suurs\u00fcndmus Saaremaal, enduro MM-i kolmas etapp"},"content":{"rendered":"<p>T\u00e4na \u00f5htul algab Kuressaares atraktiivse Super Testiga FIM Borilli enduro maailmameistriv\u00f5istluste kolmas etapp.&nbsp;<\/p><!--more--><p>Ligi 150 maailma kiiremat enduros\u00f5itjat 20 riigist selgitavad omavahel parimad \u00fcheksas masinaklassis.&nbsp;<\/p><p>Saaremaal toimuv v\u00f5istlus on MM-kalendris kolmas etapp. Eelnevalt s\u00f5ideti juunis Portugalis ja Itaalias. Maailmameistriv\u00f5istluste \u00fcldliider on peale kahte etappi inglane Brad Freeman.&nbsp;<\/p><p>Eestlastest teeb terve hooaja kaasa Priit Biene (Yamaha, Johansson MPE), kes saavutas Portugali etapil klassis Open 4T teise koha, Itaalias aga v\u00f5itis. Kokkuv\u00f5ttes on Biene enne Saaremaa v\u00f5istlust oma klassi liider.&nbsp;<\/p><p>Lisaks Bienele osaleb mitu eestlast maailma karikav\u00f5istluste arvestuses ainult Saaremaa v\u00f5istlusel. Samuti toimub v\u00f5istlus Eesti meistriv\u00f5istluste arvestuses.<\/p><p>Rada on v\u00e4ga erinev sellest, millega L\u00f5una-Euroopa s\u00f5itjad on harjunud sealsetes m\u00e4gedes. See on liivane, katsetel leidub palju puujuurikaid jms takistusi, mis n\u00f5uavad s\u00f5itjatelt h\u00e4id tehnilisi oskusi. Oma rolli m\u00e4ngib kindlasti ka kuumus, mis s\u00f5itjad reedest p\u00fchap\u00e4evani kestval j\u00f5ukatsumisel korralikult \u00e4ra v\u00e4sitab.<\/p><p>Kuressaare Titeranna k\u00f5rval asuva Super Testi algus on reedel kell 19. Laup\u00e4eval on esimese v\u00f5istluss\u00f5itja start kell 9 ja p\u00fchap\u00e4eval kell planeeritakse alustada kell 8 hommikul. Rajal on \u00fcks ekstreemkatse (Orik\u00fcla rallikrossirajal), \u00fcks endurokatse (Vana-Sauvere teel) ja \u00fcks krossikatse (Kaarma krossirajal).&nbsp;<\/p><p>GP klassid s\u00f5idavad laup\u00e4eval ja p\u00fchap\u00e4eval kolm ja pool ringi, Open klassid kolm ringi, Eesti meistriv\u00f5istluste klassid kaks ringi. P\u00e4eva l\u00f5pus l\u00e4bitakse uuesti Super Test Kuressaares. Autasustamine toimub laup\u00e4eva ja p\u00fchap\u00e4eva \u00f5htul p\u00e4rast v\u00f5istlusp\u00e4eva l\u00f5ppu Paddockis Raiekivi s\u00e4\u00e4rel.<\/p><p>Kohapeal on v\u00f5istlus pealtvaatajatele tasuta.<\/p><p>Enduro GP Estonialt tehakse ka otse\u00fclekandeid k\u00f5igil kolmel v\u00f5istlusp\u00e4eval, 16.-18. juulil veebilehel <a href=\"https:\/\/enduro.television.ee\/\" target=\"_blank\" rel=\"noreferrer noopener\">enduro.television.ee<\/a>.\u00a0<\/p><p>K\u00f5ik \u00fclekanded on tasulised, v\u00e4lja arvatud pidulik avamine reede \u00f5htul kell 17. Piletitulu l\u00e4heb enduro MM-etapi korraldamise kulude katteks.<\/p><p>Kogu info v\u00f5istluse kohta on leitav veebilehelt <a href=\"http:\/\/www.endurogpestonia.ee\" target=\"_blank\" rel=\"noreferrer noopener\">www.endurogpestonia.ee<\/a><\/p><figure class=\"wp-block-gallery columns-3 is-cropped wp-block-gallery-1 is-layout-flex wp-block-gallery-is-layout-flex\"><ul class=\"blocks-gallery-grid\"><li class=\"blocks-gallery-item\"><figure><a href=\"https:\/\/msport.ee\/wp-content\/smush-webp\/2021\/07\/Enduro_GP_Estonia_14072021_Hurbanik_337-10.jpg.webp\"><img fetchpriority=\"high\" decoding=\"async\" width=\"1024\" height=\"682\" src=\"https:\/\/msport.ee\/wp-content\/smush-webp\/2021\/07\/Enduro_GP_Estonia_14072021_Hurbanik_337-10-1024x682.jpg.webp\" alt=\"\" data-id=\"1067718\" data-full-url=\"https:\/\/msport.ee\/wp-content\/uploads\/2021\/07\/Enduro_GP_Estonia_14072021_Hurbanik_337-10.jpg\" data-link=\"https:\/\/msport.ee\/?attachment_id=1067718\" class=\"wp-image-1067718\" srcset=\"https:\/\/msport.ee\/wp-content\/smush-webp\/2021\/07\/Enduro_GP_Estonia_14072021_Hurbanik_337-10-1024x682.jpg.webp 1024w, https:\/\/msport.ee\/wp-content\/smush-webp\/2021\/07\/Enduro_GP_Estonia_14072021_Hurbanik_337-10-300x200.jpg.webp 300w, https:\/\/msport.ee\/wp-content\/smush-webp\/2021\/07\/Enduro_GP_Estonia_14072021_Hurbanik_337-10-768x511.jpg.webp 768w, https:\/\/msport.ee\/wp-content\/smush-webp\/2021\/07\/Enduro_GP_Estonia_14072021_Hurbanik_337-10-600x400.jpg.webp 600w, https:\/\/msport.ee\/wp-content\/smush-webp\/2021\/07\/Enduro_GP_Estonia_14072021_Hurbanik_337-10-75x50.jpg.webp 75w, https:\/\/msport.ee\/wp-content\/smush-webp\/2021\/07\/Enduro_GP_Estonia_14072021_Hurbanik_337-10.jpg.webp 1200w\" sizes=\"(max-width: 1024px) 100vw, 1024px\" \/><\/a><\/figure><\/li><li class=\"blocks-gallery-item\"><figure><a href=\"https:\/\/msport.ee\/wp-content\/smush-webp\/2021\/07\/Enduro_GP_Estonia_15072021_Hurbanik_386-4.jpg.webp\"><img decoding=\"async\" width=\"1024\" height=\"682\" data-src=\"https:\/\/msport.ee\/wp-content\/smush-webp\/2021\/07\/Enduro_GP_Estonia_15072021_Hurbanik_386-4-1024x682.jpg.webp\" alt=\"\" data-id=\"1067728\" data-full-url=\"https:\/\/msport.ee\/wp-content\/uploads\/2021\/07\/Enduro_GP_Estonia_15072021_Hurbanik_386-4.jpg\" data-link=\"https:\/\/msport.ee\/?attachment_id=1067728\" class=\"wp-image-1067728 lazyload\" data-srcset=\"https:\/\/msport.ee\/wp-content\/smush-webp\/2021\/07\/Enduro_GP_Estonia_15072021_Hurbanik_386-4-1024x682.jpg.webp 1024w, https:\/\/msport.ee\/wp-content\/smush-webp\/2021\/07\/Enduro_GP_Estonia_15072021_Hurbanik_386-4-300x200.jpg.webp 300w, https:\/\/msport.ee\/wp-content\/smush-webp\/2021\/07\/Enduro_GP_Estonia_15072021_Hurbanik_386-4-768x511.jpg.webp 768w, https:\/\/msport.ee\/wp-content\/smush-webp\/2021\/07\/Enduro_GP_Estonia_15072021_Hurbanik_386-4-600x400.jpg.webp 600w, https:\/\/msport.ee\/wp-content\/smush-webp\/2021\/07\/Enduro_GP_Estonia_15072021_Hurbanik_386-4-75x50.jpg.webp 75w, https:\/\/msport.ee\/wp-content\/smush-webp\/2021\/07\/Enduro_GP_Estonia_15072021_Hurbanik_386-4.jpg.webp 1200w\" data-sizes=\"(max-width: 1024px) 100vw, 1024px\" src=\"data:image\/gif;base64,R0lGODlhAQABAAAAACH5BAEKAAEALAAAAAABAAEAAAICTAEAOw==\" style=\"--smush-placeholder-width: 1024px; --smush-placeholder-aspect-ratio: 1024\/682;\" \/><noscript><img decoding=\"async\" width=\"1024\" height=\"682\" src=\"https:\/\/msport.ee\/wp-content\/uploads\/2021\/07\/Enduro_GP_Estonia_15072021_Hurbanik_386-4-1024x682.jpg\" alt=\"\" data-id=\"1067728\" data-full-url=\"https:\/\/msport.ee\/wp-content\/uploads\/2021\/07\/Enduro_GP_Estonia_15072021_Hurbanik_386-4.jpg\" data-link=\"https:\/\/msport.ee\/?attachment_id=1067728\" class=\"wp-image-1067728\" srcset=\"https:\/\/msport.ee\/wp-content\/uploads\/2021\/07\/Enduro_GP_Estonia_15072021_Hurbanik_386-4-1024x682.jpg 1024w, https:\/\/msport.ee\/wp-content\/uploads\/2021\/07\/Enduro_GP_Estonia_15072021_Hurbanik_386-4-300x200.jpg 300w, https:\/\/msport.ee\/wp-content\/uploads\/2021\/07\/Enduro_GP_Estonia_15072021_Hurbanik_386-4-768x511.jpg 768w, https:\/\/msport.ee\/wp-content\/uploads\/2021\/07\/Enduro_GP_Estonia_15072021_Hurbanik_386-4-600x400.jpg 600w, https:\/\/msport.ee\/wp-content\/uploads\/2021\/07\/Enduro_GP_Estonia_15072021_Hurbanik_386-4-75x50.jpg 75w, https:\/\/msport.ee\/wp-content\/uploads\/2021\/07\/Enduro_GP_Estonia_15072021_Hurbanik_386-4.jpg 1200w\" sizes=\"(max-width: 1024px) 100vw, 1024px\" \/><\/noscript><\/a><\/figure><\/li><li class=\"blocks-gallery-item\"><figure><a href=\"https:\/\/msport.ee\/wp-content\/smush-webp\/2021\/07\/Enduro_GP_Estonia_15072021_Hurbanik_448-16.jpg.webp\"><img decoding=\"async\" width=\"1024\" height=\"682\" data-src=\"https:\/\/msport.ee\/wp-content\/smush-webp\/2021\/07\/Enduro_GP_Estonia_15072021_Hurbanik_448-16-1024x682.jpg.webp\" alt=\"\" data-id=\"1067734\" data-full-url=\"https:\/\/msport.ee\/wp-content\/uploads\/2021\/07\/Enduro_GP_Estonia_15072021_Hurbanik_448-16.jpg\" data-link=\"https:\/\/msport.ee\/?attachment_id=1067734\" class=\"wp-image-1067734 lazyload\" data-srcset=\"https:\/\/msport.ee\/wp-content\/smush-webp\/2021\/07\/Enduro_GP_Estonia_15072021_Hurbanik_448-16-1024x682.jpg.webp 1024w, https:\/\/msport.ee\/wp-content\/smush-webp\/2021\/07\/Enduro_GP_Estonia_15072021_Hurbanik_448-16-300x200.jpg.webp 300w, https:\/\/msport.ee\/wp-content\/smush-webp\/2021\/07\/Enduro_GP_Estonia_15072021_Hurbanik_448-16-768x511.jpg.webp 768w, https:\/\/msport.ee\/wp-content\/smush-webp\/2021\/07\/Enduro_GP_Estonia_15072021_Hurbanik_448-16-600x400.jpg.webp 600w, https:\/\/msport.ee\/wp-content\/smush-webp\/2021\/07\/Enduro_GP_Estonia_15072021_Hurbanik_448-16-75x50.jpg.webp 75w, https:\/\/msport.ee\/wp-content\/smush-webp\/2021\/07\/Enduro_GP_Estonia_15072021_Hurbanik_448-16.jpg.webp 1200w\" data-sizes=\"(max-width: 1024px) 100vw, 1024px\" src=\"data:image\/gif;base64,R0lGODlhAQABAAAAACH5BAEKAAEALAAAAAABAAEAAAICTAEAOw==\" style=\"--smush-placeholder-width: 1024px; --smush-placeholder-aspect-ratio: 1024\/682;\" \/><noscript><img decoding=\"async\" width=\"1024\" height=\"682\" src=\"https:\/\/msport.ee\/wp-content\/uploads\/2021\/07\/Enduro_GP_Estonia_15072021_Hurbanik_448-16-1024x682.jpg\" alt=\"\" data-id=\"1067734\" data-full-url=\"https:\/\/msport.ee\/wp-content\/uploads\/2021\/07\/Enduro_GP_Estonia_15072021_Hurbanik_448-16.jpg\" data-link=\"https:\/\/msport.ee\/?attachment_id=1067734\" class=\"wp-image-1067734\" srcset=\"https:\/\/msport.ee\/wp-content\/uploads\/2021\/07\/Enduro_GP_Estonia_15072021_Hurbanik_448-16-1024x682.jpg 1024w, https:\/\/msport.ee\/wp-content\/uploads\/2021\/07\/Enduro_GP_Estonia_15072021_Hurbanik_448-16-300x200.jpg 300w, https:\/\/msport.ee\/wp-content\/uploads\/2021\/07\/Enduro_GP_Estonia_15072021_Hurbanik_448-16-768x511.jpg 768w, https:\/\/msport.ee\/wp-content\/uploads\/2021\/07\/Enduro_GP_Estonia_15072021_Hurbanik_448-16-600x400.jpg 600w, https:\/\/msport.ee\/wp-content\/uploads\/2021\/07\/Enduro_GP_Estonia_15072021_Hurbanik_448-16-75x50.jpg 75w, https:\/\/msport.ee\/wp-content\/uploads\/2021\/07\/Enduro_GP_Estonia_15072021_Hurbanik_448-16.jpg 1200w\" sizes=\"(max-width: 1024px) 100vw, 1024px\" \/><\/noscript><\/a><\/figure><\/li><li class=\"blocks-gallery-item\"><figure><a href=\"https:\/\/msport.ee\/wp-content\/smush-webp\/2021\/07\/Enduro_GP_Estonia_15072021_Hurbanik_443-15.jpg.webp\"><img loading=\"lazy\" decoding=\"async\" width=\"1024\" height=\"682\" data-src=\"https:\/\/msport.ee\/wp-content\/smush-webp\/2021\/07\/Enduro_GP_Estonia_15072021_Hurbanik_443-15-1024x682.jpg.webp\" alt=\"\" data-id=\"1067732\" data-full-url=\"https:\/\/msport.ee\/wp-content\/uploads\/2021\/07\/Enduro_GP_Estonia_15072021_Hurbanik_443-15.jpg\" data-link=\"https:\/\/msport.ee\/?attachment_id=1067732\" class=\"wp-image-1067732 lazyload\" data-srcset=\"https:\/\/msport.ee\/wp-content\/smush-webp\/2021\/07\/Enduro_GP_Estonia_15072021_Hurbanik_443-15-1024x682.jpg.webp 1024w, https:\/\/msport.ee\/wp-content\/smush-webp\/2021\/07\/Enduro_GP_Estonia_15072021_Hurbanik_443-15-300x200.jpg.webp 300w, https:\/\/msport.ee\/wp-content\/smush-webp\/2021\/07\/Enduro_GP_Estonia_15072021_Hurbanik_443-15-768x511.jpg.webp 768w, https:\/\/msport.ee\/wp-content\/smush-webp\/2021\/07\/Enduro_GP_Estonia_15072021_Hurbanik_443-15-600x400.jpg.webp 600w, https:\/\/msport.ee\/wp-content\/smush-webp\/2021\/07\/Enduro_GP_Estonia_15072021_Hurbanik_443-15-75x50.jpg.webp 75w, https:\/\/msport.ee\/wp-content\/smush-webp\/2021\/07\/Enduro_GP_Estonia_15072021_Hurbanik_443-15.jpg.webp 1200w\" data-sizes=\"(max-width: 1024px) 100vw, 1024px\" src=\"data:image\/gif;base64,R0lGODlhAQABAAAAACH5BAEKAAEALAAAAAABAAEAAAICTAEAOw==\" style=\"--smush-placeholder-width: 1024px; --smush-placeholder-aspect-ratio: 1024\/682;\" \/><noscript><img loading=\"lazy\" decoding=\"async\" width=\"1024\" height=\"682\" src=\"https:\/\/msport.ee\/wp-content\/uploads\/2021\/07\/Enduro_GP_Estonia_15072021_Hurbanik_443-15-1024x682.jpg\" alt=\"\" data-id=\"1067732\" data-full-url=\"https:\/\/msport.ee\/wp-content\/uploads\/2021\/07\/Enduro_GP_Estonia_15072021_Hurbanik_443-15.jpg\" data-link=\"https:\/\/msport.ee\/?attachment_id=1067732\" class=\"wp-image-1067732\" srcset=\"https:\/\/msport.ee\/wp-content\/uploads\/2021\/07\/Enduro_GP_Estonia_15072021_Hurbanik_443-15-1024x682.jpg 1024w, https:\/\/msport.ee\/wp-content\/uploads\/2021\/07\/Enduro_GP_Estonia_15072021_Hurbanik_443-15-300x200.jpg 300w, https:\/\/msport.ee\/wp-content\/uploads\/2021\/07\/Enduro_GP_Estonia_15072021_Hurbanik_443-15-768x511.jpg 768w, https:\/\/msport.ee\/wp-content\/uploads\/2021\/07\/Enduro_GP_Estonia_15072021_Hurbanik_443-15-600x400.jpg 600w, https:\/\/msport.ee\/wp-content\/uploads\/2021\/07\/Enduro_GP_Estonia_15072021_Hurbanik_443-15-75x50.jpg 75w, https:\/\/msport.ee\/wp-content\/uploads\/2021\/07\/Enduro_GP_Estonia_15072021_Hurbanik_443-15.jpg 1200w\" sizes=\"(max-width: 1024px) 100vw, 1024px\" \/><\/noscript><\/a><\/figure><\/li><li class=\"blocks-gallery-item\"><figure><a href=\"https:\/\/msport.ee\/wp-content\/smush-webp\/2021\/07\/Enduro_GP_Estonia_15072021_Hurbanik_424-10.jpg.webp\"><img loading=\"lazy\" decoding=\"async\" width=\"1024\" height=\"682\" data-src=\"https:\/\/msport.ee\/wp-content\/smush-webp\/2021\/07\/Enduro_GP_Estonia_15072021_Hurbanik_424-10-1024x682.jpg.webp\" alt=\"\" data-id=\"1067730\" data-full-url=\"https:\/\/msport.ee\/wp-content\/uploads\/2021\/07\/Enduro_GP_Estonia_15072021_Hurbanik_424-10.jpg\" data-link=\"https:\/\/msport.ee\/?attachment_id=1067730\" class=\"wp-image-1067730 lazyload\" data-srcset=\"https:\/\/msport.ee\/wp-content\/smush-webp\/2021\/07\/Enduro_GP_Estonia_15072021_Hurbanik_424-10-1024x682.jpg.webp 1024w, https:\/\/msport.ee\/wp-content\/smush-webp\/2021\/07\/Enduro_GP_Estonia_15072021_Hurbanik_424-10-300x200.jpg.webp 300w, https:\/\/msport.ee\/wp-content\/smush-webp\/2021\/07\/Enduro_GP_Estonia_15072021_Hurbanik_424-10-768x511.jpg.webp 768w, https:\/\/msport.ee\/wp-content\/smush-webp\/2021\/07\/Enduro_GP_Estonia_15072021_Hurbanik_424-10-600x400.jpg.webp 600w, https:\/\/msport.ee\/wp-content\/smush-webp\/2021\/07\/Enduro_GP_Estonia_15072021_Hurbanik_424-10-75x50.jpg.webp 75w, https:\/\/msport.ee\/wp-content\/smush-webp\/2021\/07\/Enduro_GP_Estonia_15072021_Hurbanik_424-10.jpg.webp 1200w\" data-sizes=\"(max-width: 1024px) 100vw, 1024px\" src=\"data:image\/gif;base64,R0lGODlhAQABAAAAACH5BAEKAAEALAAAAAABAAEAAAICTAEAOw==\" style=\"--smush-placeholder-width: 1024px; --smush-placeholder-aspect-ratio: 1024\/682;\" \/><noscript><img loading=\"lazy\" decoding=\"async\" width=\"1024\" height=\"682\" src=\"https:\/\/msport.ee\/wp-content\/uploads\/2021\/07\/Enduro_GP_Estonia_15072021_Hurbanik_424-10-1024x682.jpg\" alt=\"\" data-id=\"1067730\" data-full-url=\"https:\/\/msport.ee\/wp-content\/uploads\/2021\/07\/Enduro_GP_Estonia_15072021_Hurbanik_424-10.jpg\" data-link=\"https:\/\/msport.ee\/?attachment_id=1067730\" class=\"wp-image-1067730\" srcset=\"https:\/\/msport.ee\/wp-content\/uploads\/2021\/07\/Enduro_GP_Estonia_15072021_Hurbanik_424-10-1024x682.jpg 1024w, https:\/\/msport.ee\/wp-content\/uploads\/2021\/07\/Enduro_GP_Estonia_15072021_Hurbanik_424-10-300x200.jpg 300w, https:\/\/msport.ee\/wp-content\/uploads\/2021\/07\/Enduro_GP_Estonia_15072021_Hurbanik_424-10-768x511.jpg 768w, https:\/\/msport.ee\/wp-content\/uploads\/2021\/07\/Enduro_GP_Estonia_15072021_Hurbanik_424-10-600x400.jpg 600w, https:\/\/msport.ee\/wp-content\/uploads\/2021\/07\/Enduro_GP_Estonia_15072021_Hurbanik_424-10-75x50.jpg 75w, https:\/\/msport.ee\/wp-content\/uploads\/2021\/07\/Enduro_GP_Estonia_15072021_Hurbanik_424-10.jpg 1200w\" sizes=\"(max-width: 1024px) 100vw, 1024px\" \/><\/noscript><\/a><\/figure><\/li><li class=\"blocks-gallery-item\"><figure><a href=\"https:\/\/msport.ee\/wp-content\/smush-webp\/2021\/07\/Enduro_GP_Estonia_14072021_Hurbanik_262-11.jpg.webp\"><img loading=\"lazy\" decoding=\"async\" width=\"1024\" height=\"682\" data-src=\"https:\/\/msport.ee\/wp-content\/smush-webp\/2021\/07\/Enduro_GP_Estonia_14072021_Hurbanik_262-11-1024x682.jpg.webp\" alt=\"\" data-id=\"1067726\" data-full-url=\"https:\/\/msport.ee\/wp-content\/uploads\/2021\/07\/Enduro_GP_Estonia_14072021_Hurbanik_262-11.jpg\" data-link=\"https:\/\/msport.ee\/?attachment_id=1067726\" class=\"wp-image-1067726 lazyload\" data-srcset=\"https:\/\/msport.ee\/wp-content\/smush-webp\/2021\/07\/Enduro_GP_Estonia_14072021_Hurbanik_262-11-1024x682.jpg.webp 1024w, https:\/\/msport.ee\/wp-content\/smush-webp\/2021\/07\/Enduro_GP_Estonia_14072021_Hurbanik_262-11-300x200.jpg.webp 300w, https:\/\/msport.ee\/wp-content\/smush-webp\/2021\/07\/Enduro_GP_Estonia_14072021_Hurbanik_262-11-768x511.jpg.webp 768w, https:\/\/msport.ee\/wp-content\/smush-webp\/2021\/07\/Enduro_GP_Estonia_14072021_Hurbanik_262-11-600x400.jpg.webp 600w, https:\/\/msport.ee\/wp-content\/smush-webp\/2021\/07\/Enduro_GP_Estonia_14072021_Hurbanik_262-11-75x50.jpg.webp 75w, https:\/\/msport.ee\/wp-content\/smush-webp\/2021\/07\/Enduro_GP_Estonia_14072021_Hurbanik_262-11.jpg.webp 1200w\" data-sizes=\"(max-width: 1024px) 100vw, 1024px\" src=\"data:image\/gif;base64,R0lGODlhAQABAAAAACH5BAEKAAEALAAAAAABAAEAAAICTAEAOw==\" style=\"--smush-placeholder-width: 1024px; --smush-placeholder-aspect-ratio: 1024\/682;\" \/><noscript><img loading=\"lazy\" decoding=\"async\" width=\"1024\" height=\"682\" src=\"https:\/\/msport.ee\/wp-content\/uploads\/2021\/07\/Enduro_GP_Estonia_14072021_Hurbanik_262-11-1024x682.jpg\" alt=\"\" data-id=\"1067726\" data-full-url=\"https:\/\/msport.ee\/wp-content\/uploads\/2021\/07\/Enduro_GP_Estonia_14072021_Hurbanik_262-11.jpg\" data-link=\"https:\/\/msport.ee\/?attachment_id=1067726\" class=\"wp-image-1067726\" srcset=\"https:\/\/msport.ee\/wp-content\/uploads\/2021\/07\/Enduro_GP_Estonia_14072021_Hurbanik_262-11-1024x682.jpg 1024w, https:\/\/msport.ee\/wp-content\/uploads\/2021\/07\/Enduro_GP_Estonia_14072021_Hurbanik_262-11-300x200.jpg 300w, https:\/\/msport.ee\/wp-content\/uploads\/2021\/07\/Enduro_GP_Estonia_14072021_Hurbanik_262-11-768x511.jpg 768w, https:\/\/msport.ee\/wp-content\/uploads\/2021\/07\/Enduro_GP_Estonia_14072021_Hurbanik_262-11-600x400.jpg 600w, https:\/\/msport.ee\/wp-content\/uploads\/2021\/07\/Enduro_GP_Estonia_14072021_Hurbanik_262-11-75x50.jpg 75w, https:\/\/msport.ee\/wp-content\/uploads\/2021\/07\/Enduro_GP_Estonia_14072021_Hurbanik_262-11.jpg 1200w\" sizes=\"(max-width: 1024px) 100vw, 1024px\" \/><\/noscript><\/a><\/figure><\/li><li class=\"blocks-gallery-item\"><figure><a href=\"https:\/\/msport.ee\/wp-content\/smush-webp\/2021\/07\/Enduro_GP_Estonia_14072021_Hurbanik_240-6.jpg.webp\"><img loading=\"lazy\" decoding=\"async\" width=\"1024\" height=\"682\" data-src=\"https:\/\/msport.ee\/wp-content\/smush-webp\/2021\/07\/Enduro_GP_Estonia_14072021_Hurbanik_240-6-1024x682.jpg.webp\" alt=\"\" data-id=\"1067724\" data-full-url=\"https:\/\/msport.ee\/wp-content\/uploads\/2021\/07\/Enduro_GP_Estonia_14072021_Hurbanik_240-6.jpg\" data-link=\"https:\/\/msport.ee\/?attachment_id=1067724\" class=\"wp-image-1067724 lazyload\" data-srcset=\"https:\/\/msport.ee\/wp-content\/smush-webp\/2021\/07\/Enduro_GP_Estonia_14072021_Hurbanik_240-6-1024x682.jpg.webp 1024w, https:\/\/msport.ee\/wp-content\/smush-webp\/2021\/07\/Enduro_GP_Estonia_14072021_Hurbanik_240-6-300x200.jpg.webp 300w, https:\/\/msport.ee\/wp-content\/smush-webp\/2021\/07\/Enduro_GP_Estonia_14072021_Hurbanik_240-6-768x511.jpg.webp 768w, https:\/\/msport.ee\/wp-content\/smush-webp\/2021\/07\/Enduro_GP_Estonia_14072021_Hurbanik_240-6-600x400.jpg.webp 600w, https:\/\/msport.ee\/wp-content\/smush-webp\/2021\/07\/Enduro_GP_Estonia_14072021_Hurbanik_240-6-75x50.jpg.webp 75w, https:\/\/msport.ee\/wp-content\/smush-webp\/2021\/07\/Enduro_GP_Estonia_14072021_Hurbanik_240-6.jpg.webp 1200w\" data-sizes=\"(max-width: 1024px) 100vw, 1024px\" src=\"data:image\/gif;base64,R0lGODlhAQABAAAAACH5BAEKAAEALAAAAAABAAEAAAICTAEAOw==\" style=\"--smush-placeholder-width: 1024px; --smush-placeholder-aspect-ratio: 1024\/682;\" \/><noscript><img loading=\"lazy\" decoding=\"async\" width=\"1024\" height=\"682\" src=\"https:\/\/msport.ee\/wp-content\/uploads\/2021\/07\/Enduro_GP_Estonia_14072021_Hurbanik_240-6-1024x682.jpg\" alt=\"\" data-id=\"1067724\" data-full-url=\"https:\/\/msport.ee\/wp-content\/uploads\/2021\/07\/Enduro_GP_Estonia_14072021_Hurbanik_240-6.jpg\" data-link=\"https:\/\/msport.ee\/?attachment_id=1067724\" class=\"wp-image-1067724\" srcset=\"https:\/\/msport.ee\/wp-content\/uploads\/2021\/07\/Enduro_GP_Estonia_14072021_Hurbanik_240-6-1024x682.jpg 1024w, https:\/\/msport.ee\/wp-content\/uploads\/2021\/07\/Enduro_GP_Estonia_14072021_Hurbanik_240-6-300x200.jpg 300w, https:\/\/msport.ee\/wp-content\/uploads\/2021\/07\/Enduro_GP_Estonia_14072021_Hurbanik_240-6-768x511.jpg 768w, https:\/\/msport.ee\/wp-content\/uploads\/2021\/07\/Enduro_GP_Estonia_14072021_Hurbanik_240-6-600x400.jpg 600w, https:\/\/msport.ee\/wp-content\/uploads\/2021\/07\/Enduro_GP_Estonia_14072021_Hurbanik_240-6-75x50.jpg 75w, https:\/\/msport.ee\/wp-content\/uploads\/2021\/07\/Enduro_GP_Estonia_14072021_Hurbanik_240-6.jpg 1200w\" sizes=\"(max-width: 1024px) 100vw, 1024px\" \/><\/noscript><\/a><\/figure><\/li><li class=\"blocks-gallery-item\"><figure><a href=\"https:\/\/msport.ee\/wp-content\/smush-webp\/2021\/07\/Enduro_GP_Estonia_13072021_Hurbanik_174-22.jpg.webp\"><img loading=\"lazy\" decoding=\"async\" width=\"1024\" height=\"682\" data-src=\"https:\/\/msport.ee\/wp-content\/smush-webp\/2021\/07\/Enduro_GP_Estonia_13072021_Hurbanik_174-22-1024x682.jpg.webp\" alt=\"\" data-id=\"1067722\" data-full-url=\"https:\/\/msport.ee\/wp-content\/uploads\/2021\/07\/Enduro_GP_Estonia_13072021_Hurbanik_174-22.jpg\" data-link=\"https:\/\/msport.ee\/?attachment_id=1067722\" class=\"wp-image-1067722 lazyload\" data-srcset=\"https:\/\/msport.ee\/wp-content\/smush-webp\/2021\/07\/Enduro_GP_Estonia_13072021_Hurbanik_174-22-1024x682.jpg.webp 1024w, https:\/\/msport.ee\/wp-content\/smush-webp\/2021\/07\/Enduro_GP_Estonia_13072021_Hurbanik_174-22-300x200.jpg.webp 300w, https:\/\/msport.ee\/wp-content\/smush-webp\/2021\/07\/Enduro_GP_Estonia_13072021_Hurbanik_174-22-768x511.jpg.webp 768w, https:\/\/msport.ee\/wp-content\/smush-webp\/2021\/07\/Enduro_GP_Estonia_13072021_Hurbanik_174-22-600x400.jpg.webp 600w, https:\/\/msport.ee\/wp-content\/smush-webp\/2021\/07\/Enduro_GP_Estonia_13072021_Hurbanik_174-22-75x50.jpg.webp 75w, https:\/\/msport.ee\/wp-content\/smush-webp\/2021\/07\/Enduro_GP_Estonia_13072021_Hurbanik_174-22.jpg.webp 1200w\" data-sizes=\"(max-width: 1024px) 100vw, 1024px\" src=\"data:image\/gif;base64,R0lGODlhAQABAAAAACH5BAEKAAEALAAAAAABAAEAAAICTAEAOw==\" style=\"--smush-placeholder-width: 1024px; --smush-placeholder-aspect-ratio: 1024\/682;\" \/><noscript><img loading=\"lazy\" decoding=\"async\" width=\"1024\" height=\"682\" src=\"https:\/\/msport.ee\/wp-content\/uploads\/2021\/07\/Enduro_GP_Estonia_13072021_Hurbanik_174-22-1024x682.jpg\" alt=\"\" data-id=\"1067722\" data-full-url=\"https:\/\/msport.ee\/wp-content\/uploads\/2021\/07\/Enduro_GP_Estonia_13072021_Hurbanik_174-22.jpg\" data-link=\"https:\/\/msport.ee\/?attachment_id=1067722\" class=\"wp-image-1067722\" srcset=\"https:\/\/msport.ee\/wp-content\/uploads\/2021\/07\/Enduro_GP_Estonia_13072021_Hurbanik_174-22-1024x682.jpg 1024w, https:\/\/msport.ee\/wp-content\/uploads\/2021\/07\/Enduro_GP_Estonia_13072021_Hurbanik_174-22-300x200.jpg 300w, https:\/\/msport.ee\/wp-content\/uploads\/2021\/07\/Enduro_GP_Estonia_13072021_Hurbanik_174-22-768x511.jpg 768w, https:\/\/msport.ee\/wp-content\/uploads\/2021\/07\/Enduro_GP_Estonia_13072021_Hurbanik_174-22-600x400.jpg 600w, https:\/\/msport.ee\/wp-content\/uploads\/2021\/07\/Enduro_GP_Estonia_13072021_Hurbanik_174-22-75x50.jpg 75w, https:\/\/msport.ee\/wp-content\/uploads\/2021\/07\/Enduro_GP_Estonia_13072021_Hurbanik_174-22.jpg 1200w\" sizes=\"(max-width: 1024px) 100vw, 1024px\" \/><\/noscript><\/a><\/figure><\/li><li class=\"blocks-gallery-item\"><figure><a href=\"https:\/\/msport.ee\/wp-content\/smush-webp\/2021\/07\/Enduro_GP_Estonia_13072021_Hurbanik_126-18.jpg.webp\"><img loading=\"lazy\" decoding=\"async\" width=\"1024\" height=\"682\" data-src=\"https:\/\/msport.ee\/wp-content\/smush-webp\/2021\/07\/Enduro_GP_Estonia_13072021_Hurbanik_126-18-1024x682.jpg.webp\" alt=\"\" data-id=\"1067720\" data-full-url=\"https:\/\/msport.ee\/wp-content\/uploads\/2021\/07\/Enduro_GP_Estonia_13072021_Hurbanik_126-18.jpg\" data-link=\"https:\/\/msport.ee\/?attachment_id=1067720\" class=\"wp-image-1067720 lazyload\" data-srcset=\"https:\/\/msport.ee\/wp-content\/smush-webp\/2021\/07\/Enduro_GP_Estonia_13072021_Hurbanik_126-18-1024x682.jpg.webp 1024w, https:\/\/msport.ee\/wp-content\/smush-webp\/2021\/07\/Enduro_GP_Estonia_13072021_Hurbanik_126-18-300x200.jpg.webp 300w, https:\/\/msport.ee\/wp-content\/smush-webp\/2021\/07\/Enduro_GP_Estonia_13072021_Hurbanik_126-18-768x511.jpg.webp 768w, https:\/\/msport.ee\/wp-content\/smush-webp\/2021\/07\/Enduro_GP_Estonia_13072021_Hurbanik_126-18-600x400.jpg.webp 600w, https:\/\/msport.ee\/wp-content\/smush-webp\/2021\/07\/Enduro_GP_Estonia_13072021_Hurbanik_126-18-75x50.jpg.webp 75w, https:\/\/msport.ee\/wp-content\/smush-webp\/2021\/07\/Enduro_GP_Estonia_13072021_Hurbanik_126-18.jpg.webp 1200w\" data-sizes=\"(max-width: 1024px) 100vw, 1024px\" src=\"data:image\/gif;base64,R0lGODlhAQABAAAAACH5BAEKAAEALAAAAAABAAEAAAICTAEAOw==\" style=\"--smush-placeholder-width: 1024px; --smush-placeholder-aspect-ratio: 1024\/682;\" \/><noscript><img loading=\"lazy\" decoding=\"async\" width=\"1024\" height=\"682\" src=\"https:\/\/msport.ee\/wp-content\/uploads\/2021\/07\/Enduro_GP_Estonia_13072021_Hurbanik_126-18-1024x682.jpg\" alt=\"\" data-id=\"1067720\" data-full-url=\"https:\/\/msport.ee\/wp-content\/uploads\/2021\/07\/Enduro_GP_Estonia_13072021_Hurbanik_126-18.jpg\" data-link=\"https:\/\/msport.ee\/?attachment_id=1067720\" class=\"wp-image-1067720\" srcset=\"https:\/\/msport.ee\/wp-content\/uploads\/2021\/07\/Enduro_GP_Estonia_13072021_Hurbanik_126-18-1024x682.jpg 1024w, https:\/\/msport.ee\/wp-content\/uploads\/2021\/07\/Enduro_GP_Estonia_13072021_Hurbanik_126-18-300x200.jpg 300w, https:\/\/msport.ee\/wp-content\/uploads\/2021\/07\/Enduro_GP_Estonia_13072021_Hurbanik_126-18-768x511.jpg 768w, https:\/\/msport.ee\/wp-content\/uploads\/2021\/07\/Enduro_GP_Estonia_13072021_Hurbanik_126-18-600x400.jpg 600w, https:\/\/msport.ee\/wp-content\/uploads\/2021\/07\/Enduro_GP_Estonia_13072021_Hurbanik_126-18-75x50.jpg 75w, https:\/\/msport.ee\/wp-content\/uploads\/2021\/07\/Enduro_GP_Estonia_13072021_Hurbanik_126-18.jpg 1200w\" sizes=\"(max-width: 1024px) 100vw, 1024px\" \/><\/noscript><\/a><\/figure><\/li><\/ul><\/figure>","protected":false},"excerpt":{"rendered":"<p>T\u00e4na \u00f5htul algab Kuressaares atraktiivse Super Testiga FIM Borilli enduro maailmameistriv\u00f5istluste kolmas etapp.&nbsp;<\/p>\n","protected":false},"author":1,"featured_media":1067470,"comment_status":"closed","ping_status":"closed","sticky":false,"template":"","format":"standard","meta":{"_acf_changed":false,"om_disable_all_campaigns":false,"_monsterinsights_skip_tracking":false,"_monsterinsights_sitenote_active":false,"_monsterinsights_sitenote_note":"","_monsterinsights_sitenote_category":0,"_uf_show_specific_survey":0,"_uf_disable_surveys":false,"ngg_post_thumbnail":0,"footnotes":""},"categories":[],"tags":[],"acf":[],"aioseo_notices":[],"yoast_head":"<!-- This site is optimized with the Yoast SEO Premium plugin v23.0 (Yoast SEO v23.4) - https:\/\/yoast.com\/wordpress\/plugins\/seo\/ -->\n<title>T\u00e4na algab suurs\u00fcndmus Saaremaal, enduro MM-i kolmas etapp - Eesti Mootorrattaspordi F\u00f6deratsioon<\/title>\n<meta name=\"robots\" content=\"index, follow, max-snippet:-1, max-image-preview:large, max-video-preview:-1\" \/>\n<link rel=\"canonical\" href=\"https:\/\/msport.ee\/2021\/07\/16\/tana-algab-suursundmus-saaremaal-enduro-mm-i-kolmas-etapp\/\" \/>\n<meta property=\"og:locale\" content=\"en_US\" \/>\n<meta property=\"og:type\" content=\"article\" \/>\n<meta property=\"og:title\" content=\"T\u00e4na algab suurs\u00fcndmus Saaremaal, enduro MM-i kolmas etapp\" \/>\n<meta property=\"og:description\" content=\"T\u00e4na \u00f5htul algab Kuressaares atraktiivse Super Testiga FIM Borilli enduro maailmameistriv\u00f5istluste kolmas etapp.&nbsp; Ligi 150 maailma kiiremat\" \/>\n<meta property=\"og:url\" content=\"https:\/\/msport.ee\/2021\/07\/16\/tana-algab-suursundmus-saaremaal-enduro-mm-i-kolmas-etapp\/\" \/>\n<meta property=\"og:site_name\" content=\"Eesti Mootorrattaspordi F\u00f6deratsioon\" \/>\n<meta property=\"article:publisher\" content=\"https:\/\/www.facebook.com\/EestiMF\/\" \/>\n<meta property=\"article:published_time\" content=\"2021-07-16T07:18:36+00:00\" \/>\n<meta property=\"article:modified_time\" content=\"2021-07-16T07:18:37+00:00\" \/>\n<meta property=\"og:image\" content=\"https:\/\/msport.ee\/wp-content\/uploads\/2021\/07\/EnduroGPEstonia_2020_foto_RaidoKull.jpg\" \/>\n\t<meta property=\"og:image:width\" content=\"2048\" \/>\n\t<meta property=\"og:image:height\" content=\"1319\" \/>\n\t<meta property=\"og:image:type\" content=\"image\/jpeg\" \/>\n<meta name=\"author\" content=\"Helen Urbanik\" \/>\n<meta name=\"twitter:card\" content=\"summary_large_image\" \/>\n<meta name=\"twitter:creator\" content=\"@EMF_tweets\" \/>\n<meta name=\"twitter:site\" content=\"@EMF_tweets\" \/>\n<meta name=\"twitter:label1\" content=\"Written by\" \/>\n\t<meta name=\"twitter:data1\" content=\"Helen Urbanik\" \/>\n\t<meta name=\"twitter:label2\" content=\"Est. reading time\" \/>\n\t<meta name=\"twitter:data2\" content=\"3 minutes\" \/>\n<script type=\"application\/ld+json\" class=\"yoast-schema-graph\">{\"@context\":\"https:\/\/schema.org\",\"@graph\":[{\"@type\":\"Article\",\"@id\":\"https:\/\/msport.ee\/2021\/07\/16\/tana-algab-suursundmus-saaremaal-enduro-mm-i-kolmas-etapp\/#article\",\"isPartOf\":{\"@id\":\"https:\/\/msport.ee\/2021\/07\/16\/tana-algab-suursundmus-saaremaal-enduro-mm-i-kolmas-etapp\/\"},\"author\":{\"name\":\"Helen Urbanik\",\"@id\":\"https:\/\/msport.ee\/#\/schema\/person\/67918f206820bce92738c06ebc035bb2\"},\"headline\":\"T\u00e4na algab suurs\u00fcndmus Saaremaal, enduro MM-i kolmas etapp\",\"datePublished\":\"2021-07-16T07:18:36+00:00\",\"dateModified\":\"2021-07-16T07:18:37+00:00\",\"mainEntityOfPage\":{\"@id\":\"https:\/\/msport.ee\/2021\/07\/16\/tana-algab-suursundmus-saaremaal-enduro-mm-i-kolmas-etapp\/\"},\"wordCount\":332,\"publisher\":{\"@id\":\"https:\/\/msport.ee\/#organization\"},\"image\":{\"@id\":\"https:\/\/msport.ee\/2021\/07\/16\/tana-algab-suursundmus-saaremaal-enduro-mm-i-kolmas-etapp\/#primaryimage\"},\"thumbnailUrl\":\"https:\/\/msport.ee\/wp-content\/uploads\/2021\/07\/EnduroGPEstonia_2020_foto_RaidoKull.jpg\",\"inLanguage\":\"en-US\"},{\"@type\":\"WebPage\",\"@id\":\"https:\/\/msport.ee\/2021\/07\/16\/tana-algab-suursundmus-saaremaal-enduro-mm-i-kolmas-etapp\/\",\"url\":\"https:\/\/msport.ee\/2021\/07\/16\/tana-algab-suursundmus-saaremaal-enduro-mm-i-kolmas-etapp\/\",\"name\":\"T\u00e4na algab suurs\u00fcndmus Saaremaal, enduro MM-i kolmas etapp - Eesti Mootorrattaspordi F\u00f6deratsioon\",\"isPartOf\":{\"@id\":\"https:\/\/msport.ee\/#website\"},\"primaryImageOfPage\":{\"@id\":\"https:\/\/msport.ee\/2021\/07\/16\/tana-algab-suursundmus-saaremaal-enduro-mm-i-kolmas-etapp\/#primaryimage\"},\"image\":{\"@id\":\"https:\/\/msport.ee\/2021\/07\/16\/tana-algab-suursundmus-saaremaal-enduro-mm-i-kolmas-etapp\/#primaryimage\"},\"thumbnailUrl\":\"https:\/\/msport.ee\/wp-content\/uploads\/2021\/07\/EnduroGPEstonia_2020_foto_RaidoKull.jpg\",\"datePublished\":\"2021-07-16T07:18:36+00:00\",\"dateModified\":\"2021-07-16T07:18:37+00:00\",\"breadcrumb\":{\"@id\":\"https:\/\/msport.ee\/2021\/07\/16\/tana-algab-suursundmus-saaremaal-enduro-mm-i-kolmas-etapp\/#breadcrumb\"},\"inLanguage\":\"en-US\",\"potentialAction\":[{\"@type\":\"ReadAction\",\"target\":[\"https:\/\/msport.ee\/2021\/07\/16\/tana-algab-suursundmus-saaremaal-enduro-mm-i-kolmas-etapp\/\"]}]},{\"@type\":\"ImageObject\",\"inLanguage\":\"en-US\",\"@id\":\"https:\/\/msport.ee\/2021\/07\/16\/tana-algab-suursundmus-saaremaal-enduro-mm-i-kolmas-etapp\/#primaryimage\",\"url\":\"https:\/\/msport.ee\/wp-content\/uploads\/2021\/07\/EnduroGPEstonia_2020_foto_RaidoKull.jpg\",\"contentUrl\":\"https:\/\/msport.ee\/wp-content\/uploads\/2021\/07\/EnduroGPEstonia_2020_foto_RaidoKull.jpg\",\"width\":2048,\"height\":1319},{\"@type\":\"BreadcrumbList\",\"@id\":\"https:\/\/msport.ee\/2021\/07\/16\/tana-algab-suursundmus-saaremaal-enduro-mm-i-kolmas-etapp\/#breadcrumb\",\"itemListElement\":[{\"@type\":\"ListItem\",\"position\":1,\"name\":\"Avaleht\",\"item\":\"https:\/\/msport.ee\/\"},{\"@type\":\"ListItem\",\"position\":2,\"name\":\"T\u00e4na algab suurs\u00fcndmus Saaremaal, enduro MM-i kolmas etapp\"}]},{\"@type\":\"WebSite\",\"@id\":\"https:\/\/msport.ee\/#website\",\"url\":\"https:\/\/msport.ee\/\",\"name\":\"Eesti Mootorrattaspordi F\u00f6deratsioon\",\"description\":\"Eesti Mootorrattaspordi F\u00f6deratsioon\",\"publisher\":{\"@id\":\"https:\/\/msport.ee\/#organization\"},\"potentialAction\":[{\"@type\":\"SearchAction\",\"target\":{\"@type\":\"EntryPoint\",\"urlTemplate\":\"https:\/\/msport.ee\/?s={search_term_string}\"},\"query-input\":{\"@type\":\"PropertyValueSpecification\",\"valueRequired\":true,\"valueName\":\"search_term_string\"}}],\"inLanguage\":\"en-US\"},{\"@type\":\"Organization\",\"@id\":\"https:\/\/msport.ee\/#organization\",\"name\":\"MT\u00dc Eesti Mootorrattaspordi F\u00f6deratsioon\",\"url\":\"https:\/\/msport.ee\/\",\"logo\":{\"@type\":\"ImageObject\",\"inLanguage\":\"en-US\",\"@id\":\"https:\/\/msport.ee\/#\/schema\/logo\/image\/\",\"url\":\"https:\/\/msport.ee\/wp-content\/uploads\/2014\/02\/emf_www_logo.png\",\"contentUrl\":\"https:\/\/msport.ee\/wp-content\/uploads\/2014\/02\/emf_www_logo.png\",\"width\":140,\"height\":165,\"caption\":\"MT\u00dc Eesti Mootorrattaspordi F\u00f6deratsioon\"},\"image\":{\"@id\":\"https:\/\/msport.ee\/#\/schema\/logo\/image\/\"},\"sameAs\":[\"https:\/\/www.facebook.com\/EestiMF\/\",\"https:\/\/x.com\/EMF_tweets\",\"https:\/\/www.youtube.com\/c\/emftv\"]},{\"@type\":\"Person\",\"@id\":\"https:\/\/msport.ee\/#\/schema\/person\/67918f206820bce92738c06ebc035bb2\",\"name\":\"Helen Urbanik\",\"image\":{\"@type\":\"ImageObject\",\"inLanguage\":\"en-US\",\"@id\":\"https:\/\/msport.ee\/#\/schema\/person\/image\/\",\"url\":\"https:\/\/secure.gravatar.com\/avatar\/8a84344dc8ed0ef5f1a896110317db7e?s=96&d=mm&r=g\",\"contentUrl\":\"https:\/\/secure.gravatar.com\/avatar\/8a84344dc8ed0ef5f1a896110317db7e?s=96&d=mm&r=g\",\"caption\":\"Helen Urbanik\"},\"url\":\"https:\/\/msport.ee\/en\/author\/helen-urbanik\/\"}]}<\/script>\n<!-- \/ Yoast SEO Premium plugin. -->","yoast_head_json":{"title":"T\u00e4na algab suurs\u00fcndmus Saaremaal, enduro MM-i kolmas etapp - Eesti Mootorrattaspordi F\u00f6deratsioon","robots":{"index":"index","follow":"follow","max-snippet":"max-snippet:-1","max-image-preview":"max-image-preview:large","max-video-preview":"max-video-preview:-1"},"canonical":"https:\/\/msport.ee\/2021\/07\/16\/tana-algab-suursundmus-saaremaal-enduro-mm-i-kolmas-etapp\/","og_locale":"en_US","og_type":"article","og_title":"T\u00e4na algab suurs\u00fcndmus Saaremaal, enduro MM-i kolmas etapp","og_description":"T\u00e4na \u00f5htul algab Kuressaares atraktiivse Super Testiga FIM Borilli enduro maailmameistriv\u00f5istluste kolmas etapp.&nbsp; Ligi 150 maailma kiiremat","og_url":"https:\/\/msport.ee\/2021\/07\/16\/tana-algab-suursundmus-saaremaal-enduro-mm-i-kolmas-etapp\/","og_site_name":"Eesti Mootorrattaspordi F\u00f6deratsioon","article_publisher":"https:\/\/www.facebook.com\/EestiMF\/","article_published_time":"2021-07-16T07:18:36+00:00","article_modified_time":"2021-07-16T07:18:37+00:00","og_image":[{"width":2048,"height":1319,"url":"https:\/\/msport.ee\/wp-content\/uploads\/2021\/07\/EnduroGPEstonia_2020_foto_RaidoKull.jpg","type":"image\/jpeg"}],"author":"Helen Urbanik","twitter_card":"summary_large_image","twitter_creator":"@EMF_tweets","twitter_site":"@EMF_tweets","twitter_misc":{"Written by":"Helen Urbanik","Est. reading time":"3 minutes"},"schema":{"@context":"https:\/\/schema.org","@graph":[{"@type":"Article","@id":"https:\/\/msport.ee\/2021\/07\/16\/tana-algab-suursundmus-saaremaal-enduro-mm-i-kolmas-etapp\/#article","isPartOf":{"@id":"https:\/\/msport.ee\/2021\/07\/16\/tana-algab-suursundmus-saaremaal-enduro-mm-i-kolmas-etapp\/"},"author":{"name":"Helen Urbanik","@id":"https:\/\/msport.ee\/#\/schema\/person\/67918f206820bce92738c06ebc035bb2"},"headline":"T\u00e4na algab suurs\u00fcndmus Saaremaal, enduro MM-i kolmas etapp","datePublished":"2021-07-16T07:18:36+00:00","dateModified":"2021-07-16T07:18:37+00:00","mainEntityOfPage":{"@id":"https:\/\/msport.ee\/2021\/07\/16\/tana-algab-suursundmus-saaremaal-enduro-mm-i-kolmas-etapp\/"},"wordCount":332,"publisher":{"@id":"https:\/\/msport.ee\/#organization"},"image":{"@id":"https:\/\/msport.ee\/2021\/07\/16\/tana-algab-suursundmus-saaremaal-enduro-mm-i-kolmas-etapp\/#primaryimage"},"thumbnailUrl":"https:\/\/msport.ee\/wp-content\/uploads\/2021\/07\/EnduroGPEstonia_2020_foto_RaidoKull.jpg","inLanguage":"en-US"},{"@type":"WebPage","@id":"https:\/\/msport.ee\/2021\/07\/16\/tana-algab-suursundmus-saaremaal-enduro-mm-i-kolmas-etapp\/","url":"https:\/\/msport.ee\/2021\/07\/16\/tana-algab-suursundmus-saaremaal-enduro-mm-i-kolmas-etapp\/","name":"T\u00e4na algab suurs\u00fcndmus Saaremaal, enduro MM-i kolmas etapp - Eesti Mootorrattaspordi F\u00f6deratsioon","isPartOf":{"@id":"https:\/\/msport.ee\/#website"},"primaryImageOfPage":{"@id":"https:\/\/msport.ee\/2021\/07\/16\/tana-algab-suursundmus-saaremaal-enduro-mm-i-kolmas-etapp\/#primaryimage"},"image":{"@id":"https:\/\/msport.ee\/2021\/07\/16\/tana-algab-suursundmus-saaremaal-enduro-mm-i-kolmas-etapp\/#primaryimage"},"thumbnailUrl":"https:\/\/msport.ee\/wp-content\/uploads\/2021\/07\/EnduroGPEstonia_2020_foto_RaidoKull.jpg","datePublished":"2021-07-16T07:18:36+00:00","dateModified":"2021-07-16T07:18:37+00:00","breadcrumb":{"@id":"https:\/\/msport.ee\/2021\/07\/16\/tana-algab-suursundmus-saaremaal-enduro-mm-i-kolmas-etapp\/#breadcrumb"},"inLanguage":"en-US","potentialAction":[{"@type":"ReadAction","target":["https:\/\/msport.ee\/2021\/07\/16\/tana-algab-suursundmus-saaremaal-enduro-mm-i-kolmas-etapp\/"]}]},{"@type":"ImageObject","inLanguage":"en-US","@id":"https:\/\/msport.ee\/2021\/07\/16\/tana-algab-suursundmus-saaremaal-enduro-mm-i-kolmas-etapp\/#primaryimage","url":"https:\/\/msport.ee\/wp-content\/uploads\/2021\/07\/EnduroGPEstonia_2020_foto_RaidoKull.jpg","contentUrl":"https:\/\/msport.ee\/wp-content\/uploads\/2021\/07\/EnduroGPEstonia_2020_foto_RaidoKull.jpg","width":2048,"height":1319},{"@type":"BreadcrumbList","@id":"https:\/\/msport.ee\/2021\/07\/16\/tana-algab-suursundmus-saaremaal-enduro-mm-i-kolmas-etapp\/#breadcrumb","itemListElement":[{"@type":"ListItem","position":1,"name":"Avaleht","item":"https:\/\/msport.ee\/"},{"@type":"ListItem","position":2,"name":"T\u00e4na algab suurs\u00fcndmus Saaremaal, enduro MM-i kolmas etapp"}]},{"@type":"WebSite","@id":"https:\/\/msport.ee\/#website","url":"https:\/\/msport.ee\/","name":"Eesti Mootorrattaspordi F\u00f6deratsioon","description":"Eesti Mootorrattaspordi F\u00f6deratsioon","publisher":{"@id":"https:\/\/msport.ee\/#organization"},"potentialAction":[{"@type":"SearchAction","target":{"@type":"EntryPoint","urlTemplate":"https:\/\/msport.ee\/?s={search_term_string}"},"query-input":{"@type":"PropertyValueSpecification","valueRequired":true,"valueName":"search_term_string"}}],"inLanguage":"en-US"},{"@type":"Organization","@id":"https:\/\/msport.ee\/#organization","name":"MT\u00dc Eesti Mootorrattaspordi F\u00f6deratsioon","url":"https:\/\/msport.ee\/","logo":{"@type":"ImageObject","inLanguage":"en-US","@id":"https:\/\/msport.ee\/#\/schema\/logo\/image\/","url":"https:\/\/msport.ee\/wp-content\/uploads\/2014\/02\/emf_www_logo.png","contentUrl":"https:\/\/msport.ee\/wp-content\/uploads\/2014\/02\/emf_www_logo.png","width":140,"height":165,"caption":"MT\u00dc Eesti Mootorrattaspordi F\u00f6deratsioon"},"image":{"@id":"https:\/\/msport.ee\/#\/schema\/logo\/image\/"},"sameAs":["https:\/\/www.facebook.com\/EestiMF\/","https:\/\/x.com\/EMF_tweets","https:\/\/www.youtube.com\/c\/emftv"]},{"@type":"Person","@id":"https:\/\/msport.ee\/#\/schema\/person\/67918f206820bce92738c06ebc035bb2","name":"Helen Urbanik","image":{"@type":"ImageObject","inLanguage":"en-US","@id":"https:\/\/msport.ee\/#\/schema\/person\/image\/","url":"https:\/\/secure.gravatar.com\/avatar\/8a84344dc8ed0ef5f1a896110317db7e?s=96&d=mm&r=g","contentUrl":"https:\/\/secure.gravatar.com\/avatar\/8a84344dc8ed0ef5f1a896110317db7e?s=96&d=mm&r=g","caption":"Helen Urbanik"},"url":"https:\/\/msport.ee\/en\/author\/helen-urbanik\/"}]}},"_links":{"self":[{"href":"https:\/\/msport.ee\/en\/wp-json\/wp\/v2\/posts\/1067713"}],"collection":[{"href":"https:\/\/msport.ee\/en\/wp-json\/wp\/v2\/posts"}],"about":[{"href":"https:\/\/msport.ee\/en\/wp-json\/wp\/v2\/types\/post"}],"author":[{"embeddable":true,"href":"https:\/\/msport.ee\/en\/wp-json\/wp\/v2\/users\/1"}],"replies":[{"embeddable":true,"href":"https:\/\/msport.ee\/en\/wp-json\/wp\/v2\/comments?post=1067713"}],"version-history":[{"count":0,"href":"https:\/\/msport.ee\/en\/wp-json\/wp\/v2\/posts\/1067713\/revisions"}],"wp:featuredmedia":[{"embeddable":true,"href":"https:\/\/msport.ee\/en\/wp-json\/wp\/v2\/media\/1067470"}],"wp:attachment":[{"href":"https:\/\/msport.ee\/en\/wp-json\/wp\/v2\/media?parent=1067713"}],"wp:term":[{"taxonomy":"category","embeddable":true,"href":"https:\/\/msport.ee\/en\/wp-json\/wp\/v2\/categories?post=1067713"},{"taxonomy":"post_tag","embeddable":true,"href":"https:\/\/msport.ee\/en\/wp-json\/wp\/v2\/tags?post=1067713"}],"curies":[{"name":"wp","href":"https:\/\/api.w.org\/{rel}","templated":true}]}}