{"id":1090885,"date":"2023-05-15T10:33:41","date_gmt":"2023-05-15T07:33:41","guid":{"rendered":"https:\/\/msport.ee\/?p=1090885"},"modified":"2023-05-15T10:33:41","modified_gmt":"2023-05-15T07:33:41","slug":"makketousu-hooaeg-saab-alguse-sorestes","status":"publish","type":"post","link":"https:\/\/msport.ee\/en\/2023\/05\/15\/makketousu-hooaeg-saab-alguse-sorestes\/","title":{"rendered":"M\u00e4kket\u00f5usu hooaeg saab alguse S\u00f5restes"},"content":{"rendered":"<p>K\u00e4esoleval laup\u00e4eval, 20. mail saab hoo sisse uus hooaeg mootorrataste<br \/>\nm\u00e4kket\u00f5usu Eesti meistriv\u00f5istlustel ja seda Kanepi vallas S\u00f5reste<br \/>\nliivakarj\u00e4\u00e4ris.<\/p>\n<p>\u201eMootorrataste m\u00e4kket\u00f5us on vaatem\u00e4nguline spordiala, kus m\u00f5\u00f5tu v\u00f5tavad<br \/>\nlapsed, naised, mehed ja pisut hullumeelsed motospordis\u00f5brad. Igal<br \/>\nv\u00f5istlejal on kolm eels\u00f5itu ning k\u00fcmme parimat p\u00e4\u00e4seb edasi finaals\u00f5itu,<br \/>\nkus selgitatakse v\u00e4lja v\u00f5itja, kes k\u00f5ige kiiremini suudab m\u00e4e alistada,\u201c<br \/>\nkirjeldas spordiala komisjoni esindaja Lauri Drubin\u0161. \u201eOlenevalt m\u00e4est on<br \/>\nv\u00f5istlusrajad ka pisut erinevad. M\u00f5ned m\u00e4ed on nn speed- hillclimb stiilis<br \/>\nning m\u00f5ned v\u00e4ga tehnilised. Mis kindel, igal rajal saab n\u00e4ha ekstreemseid<br \/>\n\u00f5hulende, \u00f5nnestumisi ning eba\u00f5nnestumisi ja oma panuse annab ka ilmataat,\u201c<br \/>\nlisas Drubin\u0161.<\/p>\n<p>M\u00e4kket\u00f5usul v\u00f5isteldakse viies erinevas v\u00f5istlusklassis: Mini- juunior ehk<br \/>\nkuni kuueaastased noorsportlased; Juunior ehk 7- 13-aastased<br \/>\nnoorsportalased; Kross ehk standardsed motokrossi- ja enduro rattad; Single<br \/>\nehk \u00fchesilindrilised spetsiaalmootorrattad ning Unlimited ehk kahe ja<br \/>\nenamasilindrilised spetsiaalmootorrattad, kus p\u00f5him\u00f5tteliselt ei ole \u00fchtegi<br \/>\npiirangut.<\/p>\n<p>K\u00e4esoleva aasta m\u00e4kket\u00f5usu hooaeg koosneb kuuest Eesti meistriv\u00f5istluste<br \/>\netapist (S\u00f5reste, J\u00f5geva, Maaritsa, Rannu, S\u00f5reste ning \u00fcks asukoht on veel<br \/>\nlahtine) ja K\u00e4rnataja HC show v\u00f5istlusest.<\/p>\n<p>Hooaja kalendri, v\u00f5istlustingimuste jm olulisega saad tutvuda<br \/>\n<a href=\"https:\/\/msport.ee\/makketous\/\">https:\/\/msport.ee\/makketous\/<\/a> v\u00f5i meie sotsiaalmeedia lehe kaudu<br \/>\n<a href=\"http:\/\/www.facebook.com\/Hillclimbest\">www.facebook.com\/Hillclimbest<\/a><\/p>\n<p>Tule ja saa osa \u00fchest v\u00e4ga p\u00f5nevast motospordi laup\u00e4evast kas osaleja v\u00f5i<br \/>\npealtvaatajana.<\/p>\n<p>Hooaja esimese v\u00f5istluse korraldamist S\u00f5restes toetavad Kanepi vald, Eesti<br \/>\nKultuurkapitali P\u00f5lvamaa ekspertgrupp.<\/p>\n","protected":false},"excerpt":{"rendered":"<p>K\u00e4esoleval laup\u00e4eval, 20. mail saab hoo sisse uus hooaeg mootorrataste m\u00e4kket\u00f5usu Eesti meistriv\u00f5istlustel ja seda Kanepi vallas S\u00f5reste liivakarj\u00e4\u00e4ris. \u201eMootorrataste m\u00e4kket\u00f5us on vaatem\u00e4nguline spordiala, kus m\u00f5\u00f5tu v\u00f5tavad lapsed, naised, mehed ja pisut hullumeelsed motospordis\u00f5brad. Igal v\u00f5istlejal on kolm eels\u00f5itu ning k\u00fcmme parimat p\u00e4\u00e4seb edasi finaals\u00f5itu, kus selgitatakse v\u00e4lja v\u00f5itja, kes k\u00f5ige kiiremini suudab m\u00e4e alistada,\u201c [&hellip;]<\/p>\n","protected":false},"author":332,"featured_media":1090886,"comment_status":"closed","ping_status":"closed","sticky":false,"template":"","format":"aside","meta":{"_acf_changed":false,"om_disable_all_campaigns":false,"_monsterinsights_skip_tracking":false,"_monsterinsights_sitenote_active":false,"_monsterinsights_sitenote_note":"","_monsterinsights_sitenote_category":0,"_uf_show_specific_survey":0,"_uf_disable_surveys":false,"ngg_post_thumbnail":0,"footnotes":""},"categories":[3],"tags":[],"acf":[],"aioseo_notices":[],"yoast_head":"<!-- This site is optimized with the Yoast SEO Premium plugin v23.0 (Yoast SEO v23.4) - https:\/\/yoast.com\/wordpress\/plugins\/seo\/ -->\n<title>M\u00e4kket\u00f5usu hooaeg saab alguse S\u00f5restes - Eesti Mootorrattaspordi F\u00f6deratsioon<\/title>\n<meta name=\"robots\" content=\"index, follow, max-snippet:-1, max-image-preview:large, max-video-preview:-1\" \/>\n<link rel=\"canonical\" href=\"https:\/\/msport.ee\/2023\/05\/15\/makketousu-hooaeg-saab-alguse-sorestes\/\" \/>\n<meta property=\"og:locale\" content=\"en_US\" \/>\n<meta property=\"og:type\" content=\"article\" \/>\n<meta property=\"og:title\" content=\"M\u00e4kket\u00f5usu hooaeg saab alguse S\u00f5restes\" \/>\n<meta property=\"og:description\" content=\"K\u00e4esoleval laup\u00e4eval, 20. mail saab hoo sisse uus hooaeg mootorrataste m\u00e4kket\u00f5usu Eesti meistriv\u00f5istlustel ja seda Kanepi vallas S\u00f5reste liivakarj\u00e4\u00e4ris.\" \/>\n<meta property=\"og:url\" content=\"https:\/\/msport.ee\/2023\/05\/15\/makketousu-hooaeg-saab-alguse-sorestes\/\" \/>\n<meta property=\"og:site_name\" content=\"Eesti Mootorrattaspordi F\u00f6deratsioon\" \/>\n<meta property=\"article:publisher\" content=\"https:\/\/www.facebook.com\/EestiMF\/\" \/>\n<meta property=\"article:published_time\" content=\"2023-05-15T07:33:41+00:00\" \/>\n<meta property=\"og:image\" content=\"https:\/\/msport.ee\/wp-content\/uploads\/2023\/05\/SORESTEMAKKETOUS.jpg\" \/>\n\t<meta property=\"og:image:width\" content=\"800\" \/>\n\t<meta property=\"og:image:height\" content=\"533\" \/>\n\t<meta property=\"og:image:type\" content=\"image\/jpeg\" \/>\n<meta name=\"author\" content=\"Kertu-Liis Mumme\" \/>\n<meta name=\"twitter:card\" content=\"summary_large_image\" \/>\n<meta name=\"twitter:creator\" content=\"@EMF_tweets\" \/>\n<meta name=\"twitter:site\" content=\"@EMF_tweets\" \/>\n<meta name=\"twitter:label1\" content=\"Written by\" \/>\n\t<meta name=\"twitter:data1\" content=\"Kertu-Liis Mumme\" \/>\n\t<meta name=\"twitter:label2\" content=\"Est. reading time\" \/>\n\t<meta name=\"twitter:data2\" content=\"1 minute\" \/>\n<script type=\"application\/ld+json\" class=\"yoast-schema-graph\">{\"@context\":\"https:\/\/schema.org\",\"@graph\":[{\"@type\":\"Article\",\"@id\":\"https:\/\/msport.ee\/2023\/05\/15\/makketousu-hooaeg-saab-alguse-sorestes\/#article\",\"isPartOf\":{\"@id\":\"https:\/\/msport.ee\/2023\/05\/15\/makketousu-hooaeg-saab-alguse-sorestes\/\"},\"author\":{\"name\":\"Kertu-Liis Mumme\",\"@id\":\"https:\/\/msport.ee\/#\/schema\/person\/94293840d5c87b97617d011ba5ed7dfe\"},\"headline\":\"M\u00e4kket\u00f5usu hooaeg saab alguse S\u00f5restes\",\"datePublished\":\"2023-05-15T07:33:41+00:00\",\"dateModified\":\"2023-05-15T07:33:41+00:00\",\"mainEntityOfPage\":{\"@id\":\"https:\/\/msport.ee\/2023\/05\/15\/makketousu-hooaeg-saab-alguse-sorestes\/\"},\"wordCount\":269,\"publisher\":{\"@id\":\"https:\/\/msport.ee\/#organization\"},\"image\":{\"@id\":\"https:\/\/msport.ee\/2023\/05\/15\/makketousu-hooaeg-saab-alguse-sorestes\/#primaryimage\"},\"thumbnailUrl\":\"https:\/\/msport.ee\/wp-content\/uploads\/2023\/05\/SORESTEMAKKETOUS.jpg\",\"articleSection\":[\"Uudised\"],\"inLanguage\":\"en-US\"},{\"@type\":\"WebPage\",\"@id\":\"https:\/\/msport.ee\/2023\/05\/15\/makketousu-hooaeg-saab-alguse-sorestes\/\",\"url\":\"https:\/\/msport.ee\/2023\/05\/15\/makketousu-hooaeg-saab-alguse-sorestes\/\",\"name\":\"M\u00e4kket\u00f5usu hooaeg saab alguse S\u00f5restes - Eesti Mootorrattaspordi F\u00f6deratsioon\",\"isPartOf\":{\"@id\":\"https:\/\/msport.ee\/#website\"},\"primaryImageOfPage\":{\"@id\":\"https:\/\/msport.ee\/2023\/05\/15\/makketousu-hooaeg-saab-alguse-sorestes\/#primaryimage\"},\"image\":{\"@id\":\"https:\/\/msport.ee\/2023\/05\/15\/makketousu-hooaeg-saab-alguse-sorestes\/#primaryimage\"},\"thumbnailUrl\":\"https:\/\/msport.ee\/wp-content\/uploads\/2023\/05\/SORESTEMAKKETOUS.jpg\",\"datePublished\":\"2023-05-15T07:33:41+00:00\",\"dateModified\":\"2023-05-15T07:33:41+00:00\",\"breadcrumb\":{\"@id\":\"https:\/\/msport.ee\/2023\/05\/15\/makketousu-hooaeg-saab-alguse-sorestes\/#breadcrumb\"},\"inLanguage\":\"en-US\",\"potentialAction\":[{\"@type\":\"ReadAction\",\"target\":[\"https:\/\/msport.ee\/2023\/05\/15\/makketousu-hooaeg-saab-alguse-sorestes\/\"]}]},{\"@type\":\"ImageObject\",\"inLanguage\":\"en-US\",\"@id\":\"https:\/\/msport.ee\/2023\/05\/15\/makketousu-hooaeg-saab-alguse-sorestes\/#primaryimage\",\"url\":\"https:\/\/msport.ee\/wp-content\/uploads\/2023\/05\/SORESTEMAKKETOUS.jpg\",\"contentUrl\":\"https:\/\/msport.ee\/wp-content\/uploads\/2023\/05\/SORESTEMAKKETOUS.jpg\",\"width\":800,\"height\":533},{\"@type\":\"BreadcrumbList\",\"@id\":\"https:\/\/msport.ee\/2023\/05\/15\/makketousu-hooaeg-saab-alguse-sorestes\/#breadcrumb\",\"itemListElement\":[{\"@type\":\"ListItem\",\"position\":1,\"name\":\"Avaleht\",\"item\":\"https:\/\/msport.ee\/\"},{\"@type\":\"ListItem\",\"position\":2,\"name\":\"M\u00e4kket\u00f5usu hooaeg saab alguse S\u00f5restes\"}]},{\"@type\":\"WebSite\",\"@id\":\"https:\/\/msport.ee\/#website\",\"url\":\"https:\/\/msport.ee\/\",\"name\":\"Eesti Mootorrattaspordi F\u00f6deratsioon\",\"description\":\"Eesti Mootorrattaspordi F\u00f6deratsioon\",\"publisher\":{\"@id\":\"https:\/\/msport.ee\/#organization\"},\"potentialAction\":[{\"@type\":\"SearchAction\",\"target\":{\"@type\":\"EntryPoint\",\"urlTemplate\":\"https:\/\/msport.ee\/?s={search_term_string}\"},\"query-input\":{\"@type\":\"PropertyValueSpecification\",\"valueRequired\":true,\"valueName\":\"search_term_string\"}}],\"inLanguage\":\"en-US\"},{\"@type\":\"Organization\",\"@id\":\"https:\/\/msport.ee\/#organization\",\"name\":\"MT\u00dc Eesti Mootorrattaspordi F\u00f6deratsioon\",\"url\":\"https:\/\/msport.ee\/\",\"logo\":{\"@type\":\"ImageObject\",\"inLanguage\":\"en-US\",\"@id\":\"https:\/\/msport.ee\/#\/schema\/logo\/image\/\",\"url\":\"https:\/\/msport.ee\/wp-content\/uploads\/2014\/02\/emf_www_logo.png\",\"contentUrl\":\"https:\/\/msport.ee\/wp-content\/uploads\/2014\/02\/emf_www_logo.png\",\"width\":140,\"height\":165,\"caption\":\"MT\u00dc Eesti Mootorrattaspordi F\u00f6deratsioon\"},\"image\":{\"@id\":\"https:\/\/msport.ee\/#\/schema\/logo\/image\/\"},\"sameAs\":[\"https:\/\/www.facebook.com\/EestiMF\/\",\"https:\/\/x.com\/EMF_tweets\",\"https:\/\/www.youtube.com\/c\/emftv\"]},{\"@type\":\"Person\",\"@id\":\"https:\/\/msport.ee\/#\/schema\/person\/94293840d5c87b97617d011ba5ed7dfe\",\"name\":\"Kertu-Liis Mumme\",\"image\":{\"@type\":\"ImageObject\",\"inLanguage\":\"en-US\",\"@id\":\"https:\/\/msport.ee\/#\/schema\/person\/image\/\",\"url\":\"https:\/\/secure.gravatar.com\/avatar\/042feff01fc7a8a0546db1bd9443505e?s=96&d=mm&r=g\",\"contentUrl\":\"https:\/\/secure.gravatar.com\/avatar\/042feff01fc7a8a0546db1bd9443505e?s=96&d=mm&r=g\",\"caption\":\"Kertu-Liis Mumme\"},\"url\":\"https:\/\/msport.ee\/en\/author\/kertu-liis-mumme\/\"}]}<\/script>\n<!-- \/ Yoast SEO Premium plugin. -->","yoast_head_json":{"title":"M\u00e4kket\u00f5usu hooaeg saab alguse S\u00f5restes - Eesti Mootorrattaspordi F\u00f6deratsioon","robots":{"index":"index","follow":"follow","max-snippet":"max-snippet:-1","max-image-preview":"max-image-preview:large","max-video-preview":"max-video-preview:-1"},"canonical":"https:\/\/msport.ee\/2023\/05\/15\/makketousu-hooaeg-saab-alguse-sorestes\/","og_locale":"en_US","og_type":"article","og_title":"M\u00e4kket\u00f5usu hooaeg saab alguse S\u00f5restes","og_description":"K\u00e4esoleval laup\u00e4eval, 20. mail saab hoo sisse uus hooaeg mootorrataste m\u00e4kket\u00f5usu Eesti meistriv\u00f5istlustel ja seda Kanepi vallas S\u00f5reste liivakarj\u00e4\u00e4ris.","og_url":"https:\/\/msport.ee\/2023\/05\/15\/makketousu-hooaeg-saab-alguse-sorestes\/","og_site_name":"Eesti Mootorrattaspordi F\u00f6deratsioon","article_publisher":"https:\/\/www.facebook.com\/EestiMF\/","article_published_time":"2023-05-15T07:33:41+00:00","og_image":[{"width":800,"height":533,"url":"https:\/\/msport.ee\/wp-content\/uploads\/2023\/05\/SORESTEMAKKETOUS.jpg","type":"image\/jpeg"}],"author":"Kertu-Liis Mumme","twitter_card":"summary_large_image","twitter_creator":"@EMF_tweets","twitter_site":"@EMF_tweets","twitter_misc":{"Written by":"Kertu-Liis Mumme","Est. reading time":"1 minute"},"schema":{"@context":"https:\/\/schema.org","@graph":[{"@type":"Article","@id":"https:\/\/msport.ee\/2023\/05\/15\/makketousu-hooaeg-saab-alguse-sorestes\/#article","isPartOf":{"@id":"https:\/\/msport.ee\/2023\/05\/15\/makketousu-hooaeg-saab-alguse-sorestes\/"},"author":{"name":"Kertu-Liis Mumme","@id":"https:\/\/msport.ee\/#\/schema\/person\/94293840d5c87b97617d011ba5ed7dfe"},"headline":"M\u00e4kket\u00f5usu hooaeg saab alguse S\u00f5restes","datePublished":"2023-05-15T07:33:41+00:00","dateModified":"2023-05-15T07:33:41+00:00","mainEntityOfPage":{"@id":"https:\/\/msport.ee\/2023\/05\/15\/makketousu-hooaeg-saab-alguse-sorestes\/"},"wordCount":269,"publisher":{"@id":"https:\/\/msport.ee\/#organization"},"image":{"@id":"https:\/\/msport.ee\/2023\/05\/15\/makketousu-hooaeg-saab-alguse-sorestes\/#primaryimage"},"thumbnailUrl":"https:\/\/msport.ee\/wp-content\/uploads\/2023\/05\/SORESTEMAKKETOUS.jpg","articleSection":["Uudised"],"inLanguage":"en-US"},{"@type":"WebPage","@id":"https:\/\/msport.ee\/2023\/05\/15\/makketousu-hooaeg-saab-alguse-sorestes\/","url":"https:\/\/msport.ee\/2023\/05\/15\/makketousu-hooaeg-saab-alguse-sorestes\/","name":"M\u00e4kket\u00f5usu hooaeg saab alguse S\u00f5restes - Eesti Mootorrattaspordi F\u00f6deratsioon","isPartOf":{"@id":"https:\/\/msport.ee\/#website"},"primaryImageOfPage":{"@id":"https:\/\/msport.ee\/2023\/05\/15\/makketousu-hooaeg-saab-alguse-sorestes\/#primaryimage"},"image":{"@id":"https:\/\/msport.ee\/2023\/05\/15\/makketousu-hooaeg-saab-alguse-sorestes\/#primaryimage"},"thumbnailUrl":"https:\/\/msport.ee\/wp-content\/uploads\/2023\/05\/SORESTEMAKKETOUS.jpg","datePublished":"2023-05-15T07:33:41+00:00","dateModified":"2023-05-15T07:33:41+00:00","breadcrumb":{"@id":"https:\/\/msport.ee\/2023\/05\/15\/makketousu-hooaeg-saab-alguse-sorestes\/#breadcrumb"},"inLanguage":"en-US","potentialAction":[{"@type":"ReadAction","target":["https:\/\/msport.ee\/2023\/05\/15\/makketousu-hooaeg-saab-alguse-sorestes\/"]}]},{"@type":"ImageObject","inLanguage":"en-US","@id":"https:\/\/msport.ee\/2023\/05\/15\/makketousu-hooaeg-saab-alguse-sorestes\/#primaryimage","url":"https:\/\/msport.ee\/wp-content\/uploads\/2023\/05\/SORESTEMAKKETOUS.jpg","contentUrl":"https:\/\/msport.ee\/wp-content\/uploads\/2023\/05\/SORESTEMAKKETOUS.jpg","width":800,"height":533},{"@type":"BreadcrumbList","@id":"https:\/\/msport.ee\/2023\/05\/15\/makketousu-hooaeg-saab-alguse-sorestes\/#breadcrumb","itemListElement":[{"@type":"ListItem","position":1,"name":"Avaleht","item":"https:\/\/msport.ee\/"},{"@type":"ListItem","position":2,"name":"M\u00e4kket\u00f5usu hooaeg saab alguse S\u00f5restes"}]},{"@type":"WebSite","@id":"https:\/\/msport.ee\/#website","url":"https:\/\/msport.ee\/","name":"Eesti Mootorrattaspordi F\u00f6deratsioon","description":"Eesti Mootorrattaspordi F\u00f6deratsioon","publisher":{"@id":"https:\/\/msport.ee\/#organization"},"potentialAction":[{"@type":"SearchAction","target":{"@type":"EntryPoint","urlTemplate":"https:\/\/msport.ee\/?s={search_term_string}"},"query-input":{"@type":"PropertyValueSpecification","valueRequired":true,"valueName":"search_term_string"}}],"inLanguage":"en-US"},{"@type":"Organization","@id":"https:\/\/msport.ee\/#organization","name":"MT\u00dc Eesti Mootorrattaspordi F\u00f6deratsioon","url":"https:\/\/msport.ee\/","logo":{"@type":"ImageObject","inLanguage":"en-US","@id":"https:\/\/msport.ee\/#\/schema\/logo\/image\/","url":"https:\/\/msport.ee\/wp-content\/uploads\/2014\/02\/emf_www_logo.png","contentUrl":"https:\/\/msport.ee\/wp-content\/uploads\/2014\/02\/emf_www_logo.png","width":140,"height":165,"caption":"MT\u00dc Eesti Mootorrattaspordi F\u00f6deratsioon"},"image":{"@id":"https:\/\/msport.ee\/#\/schema\/logo\/image\/"},"sameAs":["https:\/\/www.facebook.com\/EestiMF\/","https:\/\/x.com\/EMF_tweets","https:\/\/www.youtube.com\/c\/emftv"]},{"@type":"Person","@id":"https:\/\/msport.ee\/#\/schema\/person\/94293840d5c87b97617d011ba5ed7dfe","name":"Kertu-Liis Mumme","image":{"@type":"ImageObject","inLanguage":"en-US","@id":"https:\/\/msport.ee\/#\/schema\/person\/image\/","url":"https:\/\/secure.gravatar.com\/avatar\/042feff01fc7a8a0546db1bd9443505e?s=96&d=mm&r=g","contentUrl":"https:\/\/secure.gravatar.com\/avatar\/042feff01fc7a8a0546db1bd9443505e?s=96&d=mm&r=g","caption":"Kertu-Liis Mumme"},"url":"https:\/\/msport.ee\/en\/author\/kertu-liis-mumme\/"}]}},"_links":{"self":[{"href":"https:\/\/msport.ee\/en\/wp-json\/wp\/v2\/posts\/1090885"}],"collection":[{"href":"https:\/\/msport.ee\/en\/wp-json\/wp\/v2\/posts"}],"about":[{"href":"https:\/\/msport.ee\/en\/wp-json\/wp\/v2\/types\/post"}],"author":[{"embeddable":true,"href":"https:\/\/msport.ee\/en\/wp-json\/wp\/v2\/users\/332"}],"replies":[{"embeddable":true,"href":"https:\/\/msport.ee\/en\/wp-json\/wp\/v2\/comments?post=1090885"}],"version-history":[{"count":0,"href":"https:\/\/msport.ee\/en\/wp-json\/wp\/v2\/posts\/1090885\/revisions"}],"wp:featuredmedia":[{"embeddable":true,"href":"https:\/\/msport.ee\/en\/wp-json\/wp\/v2\/media\/1090886"}],"wp:attachment":[{"href":"https:\/\/msport.ee\/en\/wp-json\/wp\/v2\/media?parent=1090885"}],"wp:term":[{"taxonomy":"category","embeddable":true,"href":"https:\/\/msport.ee\/en\/wp-json\/wp\/v2\/categories?post=1090885"},{"taxonomy":"post_tag","embeddable":true,"href":"https:\/\/msport.ee\/en\/wp-json\/wp\/v2\/tags?post=1090885"}],"curies":[{"name":"wp","href":"https:\/\/api.w.org\/{rel}","templated":true}]}}