{"id":1126355,"date":"2026-04-24T23:40:11","date_gmt":"2026-04-24T20:40:11","guid":{"rendered":"https:\/\/msport.ee\/?p=1126355"},"modified":"2026-04-24T23:40:11","modified_gmt":"2026-04-24T20:40:11","slug":"eesti-noored-enduurosportlased-stardivad-rumeenias-mainekal-hard-enduro-arsenalil","status":"publish","type":"post","link":"https:\/\/msport.ee\/en\/2026\/04\/24\/eesti-noored-enduurosportlased-stardivad-rumeenias-mainekal-hard-enduro-arsenalil\/","title":{"rendered":"Eesti noored enduurosportlased stardivad Rumeenias mainekal Hard Enduro Arsenalil"},"content":{"rendered":"<p>M\u00f6\u00f6dunud n\u00e4dalal pakkisid meie noored enduurosportlased Miko P\u00f5der (Husqvarna) ja Timur Kelle (Beta) oma varustuse ja v\u00f5istlusmasinad bussi ning v\u00f5tsid suuna Rumeeniasse, kus 22-25 aprill toimub Hard Enduro Arsenal v\u00f5istlus.<\/p>\n<p>S\u00f5ita on vaja kaua ja kaugele, mist\u00f5ttu alustati teekonda pea n\u00e4dal enne v\u00f5istlus ning kuna juba ollakse Rumeenias ja Red Bull Romaniacs toimub samas piirkonnas siis v\u00f5eti eesm\u00e4rgiks teha paar p\u00e4eva Sibius viimast viimistlust, et Hard Enduro Arsenal&#8217;iks oleks kohanetud kohapealsete oludega ja s\u00f5idu tunnetus oleks maksimaalseim.<br \/>\nHard Enduro Arsenal (tuntud ka kui Arsenal Park Enduro) on Rumeenia enduuro v\u00f5istlus, mis toimub Hunedoara maakonnas, Coste\u0219ti k\u00fcla l\u00e4hedal ja Or\u0103\u0219tie linna k\u00fclje all asuvas unikaalses Arsenal Parkis.<\/p>\n<p>Arsenal Park &#8211; on endine relvatehas ja laskemoonaladu, mis on \u00fcmber ehitatud militaarteemaliseks puhkekeskuseks ja vaba\u00f5humuuseumiks. See pakub v\u00f5istlusele ainulaadset tausta \u2013 rasket maastikku Karpaatide jalamil, mida ilmestavad militaarrajatised, tankid ja muud eksponaadid.<\/p>\n<p>Varasematel aastatel oli tegemist Rumeenia kohaliku v\u00f5istlusega, mis aasta-aastalt liikus j\u00e4rjest suurema populaaruse suunas ning Arsenal Parki proloogid said tuntuks kui kiired ja tehnilised, sageli tehislikke takistusi sisaldavad rajad.<br \/>\nT\u00f5eline populaarsuse l\u00e4bil\u00f6\u00f6k toimus 2024, kus lisaks tehniliselt keerulistele radadele muutis ilmastik ja vihm 3-p\u00e4evase v\u00f5istluse t\u00f5eliseks kutsumuseks ka k\u00f5ikidele tippudele. Arsenal Parki proloogid said tuntuks kui kiired ja tehnilised, sageli tehislikke takistusi sisaldavad rajad.2025. aastal muudeti formaat 4-p\u00e4evaseks (proloog + 3 metsap\u00e4eva), mis katab kokku ligi 250 kilomeetrit rasket maastikku, olles vaieldamatult Red Bull Romaniacsi j\u00e4rel populaaruse poolest teiseks v\u00f5istluseks piirkonnas.<\/p>\n<p>Teekond Rumeeniasse kulges ilma viperusteta ning treeningp\u00e4evad sisendasid parajal kogusel enesekindlust, et talvised treeningud ja ettevalmistus on liikunud \u00f5iges suunas. Meeste enesetunne ja vorm on head ning v\u00f5istluseks ollakse 110% valmis.<\/p>\n<p>V\u00f5istlus on jaotatud klassidesse: Pro, Expert, Veteran ja Hobby. Pro klassi s\u00f5itjad puutuvad kokku \u00e4\u00e4rmuslike- vertikaalsete t\u00f5usude ja laskumistega.Hobby klass, mis on rohkem suunatud harrastajatele, kuid ka selles klassis s\u00f5itmine n\u00f5uab head f\u00fc\u00fcsilist ettevalmistust, kuna piirkonna maastik on ettearvamatu.<\/p>\n<p>Miko ja Timur v\u00f5istlevad k\u00f5ige kuninglikumas PRO klassis, kus m\u00f5lemad s\u00f5itjad on seadnud eesm\u00e4rgiks s\u00f5ita kindlalt l\u00f5puni. Esik\u00fcmnes l\u00f5petamine t\u00e4hendaks 90% eesm\u00e4rkide t\u00e4itmist, kuid mehed on seadnud lati k\u00f5rgemale ja tahavad l\u00f5petada Top5-s. K\u00f5ige kuulsamad nimed 2026 aastal Arenal Parkis on: austerlane, Jakob Blazovich, poolakas Wojciech Lata\u0142a, kohalik staar Kornel Ott ja noor rumeenlane Marius Achim Popovici<\/p>\n<p>Miko ja Timur t\u00e4navad toetajad, Freetime Motokeskus, Semt O\u00dc, Argenta O\u00dc, Ottori OY, Velomoto O\u00dc, Baltyre O\u00dc, Motospordikeskus, Velt Motocenter.<\/p>\n","protected":false},"excerpt":{"rendered":"<p>M\u00f6\u00f6dunud n\u00e4dalal pakkisid meie noored enduurosportlased Miko P\u00f5der (Husqvarna) ja Timur Kelle (Beta) oma varustuse ja v\u00f5istlusmasinad bussi ning v\u00f5tsid suuna Rumeeniasse, kus 22-25 aprill toimub Hard Enduro Arsenal v\u00f5istlus. S\u00f5ita on vaja kaua ja kaugele, mist\u00f5ttu alustati teekonda pea n\u00e4dal enne v\u00f5istlus ning kuna juba ollakse Rumeenias ja Red Bull Romaniacs toimub samas piirkonnas [&hellip;]<\/p>\n","protected":false},"author":470,"featured_media":1126356,"comment_status":"closed","ping_status":"closed","sticky":false,"template":"","format":"aside","meta":{"_acf_changed":false,"om_disable_all_campaigns":false,"_monsterinsights_skip_tracking":false,"_monsterinsights_sitenote_active":false,"_monsterinsights_sitenote_note":"","_monsterinsights_sitenote_category":0,"_uf_show_specific_survey":0,"_uf_disable_surveys":false,"ngg_post_thumbnail":0,"footnotes":""},"categories":[3],"tags":[],"acf":[],"aioseo_notices":[],"yoast_head":"<!-- This site is optimized with the Yoast SEO Premium plugin v23.0 (Yoast SEO v23.4) - https:\/\/yoast.com\/wordpress\/plugins\/seo\/ -->\n<title>Eesti noored enduurosportlased stardivad Rumeenias mainekal Hard Enduro Arsenalil - Eesti Mootorrattaspordi F\u00f6deratsioon<\/title>\n<meta name=\"robots\" content=\"index, follow, max-snippet:-1, max-image-preview:large, max-video-preview:-1\" \/>\n<link rel=\"canonical\" href=\"https:\/\/msport.ee\/2026\/04\/24\/eesti-noored-enduurosportlased-stardivad-rumeenias-mainekal-hard-enduro-arsenalil\/\" \/>\n<meta property=\"og:locale\" content=\"en_US\" \/>\n<meta property=\"og:type\" content=\"article\" \/>\n<meta property=\"og:title\" content=\"Eesti noored enduurosportlased stardivad Rumeenias mainekal Hard Enduro Arsenalil\" \/>\n<meta property=\"og:description\" content=\"M\u00f6\u00f6dunud n\u00e4dalal pakkisid meie noored enduurosportlased Miko P\u00f5der (Husqvarna) ja Timur Kelle (Beta) oma varustuse ja v\u00f5istlusmasinad bussi ning v\u00f5tsid\" \/>\n<meta property=\"og:url\" content=\"https:\/\/msport.ee\/2026\/04\/24\/eesti-noored-enduurosportlased-stardivad-rumeenias-mainekal-hard-enduro-arsenalil\/\" \/>\n<meta property=\"og:site_name\" content=\"Eesti Mootorrattaspordi F\u00f6deratsioon\" \/>\n<meta property=\"article:publisher\" content=\"https:\/\/www.facebook.com\/EestiMF\/\" \/>\n<meta property=\"article:published_time\" content=\"2026-04-24T20:40:11+00:00\" \/>\n<meta property=\"og:image\" content=\"https:\/\/msport.ee\/wp-content\/uploads\/2026\/04\/IMG_4454-1.jpg\" \/>\n\t<meta property=\"og:image:width\" content=\"596\" \/>\n\t<meta property=\"og:image:height\" content=\"712\" \/>\n\t<meta property=\"og:image:type\" content=\"image\/jpeg\" \/>\n<meta name=\"author\" content=\"Karoliina Leok\" \/>\n<meta name=\"twitter:card\" content=\"summary_large_image\" \/>\n<meta name=\"twitter:creator\" content=\"@EMF_tweets\" \/>\n<meta name=\"twitter:site\" content=\"@EMF_tweets\" \/>\n<meta name=\"twitter:label1\" content=\"Written by\" \/>\n\t<meta name=\"twitter:data1\" content=\"Karoliina Leok\" \/>\n\t<meta name=\"twitter:label2\" content=\"Est. reading time\" \/>\n\t<meta name=\"twitter:data2\" content=\"1 minute\" \/>\n<script type=\"application\/ld+json\" class=\"yoast-schema-graph\">{\"@context\":\"https:\/\/schema.org\",\"@graph\":[{\"@type\":\"Article\",\"@id\":\"https:\/\/msport.ee\/2026\/04\/24\/eesti-noored-enduurosportlased-stardivad-rumeenias-mainekal-hard-enduro-arsenalil\/#article\",\"isPartOf\":{\"@id\":\"https:\/\/msport.ee\/2026\/04\/24\/eesti-noored-enduurosportlased-stardivad-rumeenias-mainekal-hard-enduro-arsenalil\/\"},\"author\":{\"name\":\"Karoliina Leok\",\"@id\":\"https:\/\/msport.ee\/#\/schema\/person\/faaf9c6e74e3bb4e851048f9bba7d296\"},\"headline\":\"Eesti noored enduurosportlased stardivad Rumeenias mainekal Hard Enduro Arsenalil\",\"datePublished\":\"2026-04-24T20:40:11+00:00\",\"dateModified\":\"2026-04-24T20:40:11+00:00\",\"mainEntityOfPage\":{\"@id\":\"https:\/\/msport.ee\/2026\/04\/24\/eesti-noored-enduurosportlased-stardivad-rumeenias-mainekal-hard-enduro-arsenalil\/\"},\"wordCount\":441,\"publisher\":{\"@id\":\"https:\/\/msport.ee\/#organization\"},\"image\":{\"@id\":\"https:\/\/msport.ee\/2026\/04\/24\/eesti-noored-enduurosportlased-stardivad-rumeenias-mainekal-hard-enduro-arsenalil\/#primaryimage\"},\"thumbnailUrl\":\"https:\/\/msport.ee\/wp-content\/uploads\/2026\/04\/IMG_4454-1.jpg\",\"articleSection\":[\"Uudised\"],\"inLanguage\":\"en-US\"},{\"@type\":\"WebPage\",\"@id\":\"https:\/\/msport.ee\/2026\/04\/24\/eesti-noored-enduurosportlased-stardivad-rumeenias-mainekal-hard-enduro-arsenalil\/\",\"url\":\"https:\/\/msport.ee\/2026\/04\/24\/eesti-noored-enduurosportlased-stardivad-rumeenias-mainekal-hard-enduro-arsenalil\/\",\"name\":\"Eesti noored enduurosportlased stardivad Rumeenias mainekal Hard Enduro Arsenalil - Eesti Mootorrattaspordi F\u00f6deratsioon\",\"isPartOf\":{\"@id\":\"https:\/\/msport.ee\/#website\"},\"primaryImageOfPage\":{\"@id\":\"https:\/\/msport.ee\/2026\/04\/24\/eesti-noored-enduurosportlased-stardivad-rumeenias-mainekal-hard-enduro-arsenalil\/#primaryimage\"},\"image\":{\"@id\":\"https:\/\/msport.ee\/2026\/04\/24\/eesti-noored-enduurosportlased-stardivad-rumeenias-mainekal-hard-enduro-arsenalil\/#primaryimage\"},\"thumbnailUrl\":\"https:\/\/msport.ee\/wp-content\/uploads\/2026\/04\/IMG_4454-1.jpg\",\"datePublished\":\"2026-04-24T20:40:11+00:00\",\"dateModified\":\"2026-04-24T20:40:11+00:00\",\"breadcrumb\":{\"@id\":\"https:\/\/msport.ee\/2026\/04\/24\/eesti-noored-enduurosportlased-stardivad-rumeenias-mainekal-hard-enduro-arsenalil\/#breadcrumb\"},\"inLanguage\":\"en-US\",\"potentialAction\":[{\"@type\":\"ReadAction\",\"target\":[\"https:\/\/msport.ee\/2026\/04\/24\/eesti-noored-enduurosportlased-stardivad-rumeenias-mainekal-hard-enduro-arsenalil\/\"]}]},{\"@type\":\"ImageObject\",\"inLanguage\":\"en-US\",\"@id\":\"https:\/\/msport.ee\/2026\/04\/24\/eesti-noored-enduurosportlased-stardivad-rumeenias-mainekal-hard-enduro-arsenalil\/#primaryimage\",\"url\":\"https:\/\/msport.ee\/wp-content\/uploads\/2026\/04\/IMG_4454-1.jpg\",\"contentUrl\":\"https:\/\/msport.ee\/wp-content\/uploads\/2026\/04\/IMG_4454-1.jpg\",\"width\":596,\"height\":712,\"caption\":\"Screenshot\"},{\"@type\":\"BreadcrumbList\",\"@id\":\"https:\/\/msport.ee\/2026\/04\/24\/eesti-noored-enduurosportlased-stardivad-rumeenias-mainekal-hard-enduro-arsenalil\/#breadcrumb\",\"itemListElement\":[{\"@type\":\"ListItem\",\"position\":1,\"name\":\"Avaleht\",\"item\":\"https:\/\/msport.ee\/\"},{\"@type\":\"ListItem\",\"position\":2,\"name\":\"Eesti noored enduurosportlased stardivad Rumeenias mainekal Hard Enduro Arsenalil\"}]},{\"@type\":\"WebSite\",\"@id\":\"https:\/\/msport.ee\/#website\",\"url\":\"https:\/\/msport.ee\/\",\"name\":\"Eesti Mootorrattaspordi F\u00f6deratsioon\",\"description\":\"Eesti Mootorrattaspordi F\u00f6deratsioon\",\"publisher\":{\"@id\":\"https:\/\/msport.ee\/#organization\"},\"potentialAction\":[{\"@type\":\"SearchAction\",\"target\":{\"@type\":\"EntryPoint\",\"urlTemplate\":\"https:\/\/msport.ee\/?s={search_term_string}\"},\"query-input\":{\"@type\":\"PropertyValueSpecification\",\"valueRequired\":true,\"valueName\":\"search_term_string\"}}],\"inLanguage\":\"en-US\"},{\"@type\":\"Organization\",\"@id\":\"https:\/\/msport.ee\/#organization\",\"name\":\"MT\u00dc Eesti Mootorrattaspordi F\u00f6deratsioon\",\"url\":\"https:\/\/msport.ee\/\",\"logo\":{\"@type\":\"ImageObject\",\"inLanguage\":\"en-US\",\"@id\":\"https:\/\/msport.ee\/#\/schema\/logo\/image\/\",\"url\":\"https:\/\/msport.ee\/wp-content\/uploads\/2014\/02\/emf_www_logo.png\",\"contentUrl\":\"https:\/\/msport.ee\/wp-content\/uploads\/2014\/02\/emf_www_logo.png\",\"width\":140,\"height\":165,\"caption\":\"MT\u00dc Eesti Mootorrattaspordi F\u00f6deratsioon\"},\"image\":{\"@id\":\"https:\/\/msport.ee\/#\/schema\/logo\/image\/\"},\"sameAs\":[\"https:\/\/www.facebook.com\/EestiMF\/\",\"https:\/\/x.com\/EMF_tweets\",\"https:\/\/www.youtube.com\/c\/emftv\"]},{\"@type\":\"Person\",\"@id\":\"https:\/\/msport.ee\/#\/schema\/person\/faaf9c6e74e3bb4e851048f9bba7d296\",\"name\":\"Karoliina Leok\",\"image\":{\"@type\":\"ImageObject\",\"inLanguage\":\"en-US\",\"@id\":\"https:\/\/msport.ee\/#\/schema\/person\/image\/\",\"url\":\"https:\/\/secure.gravatar.com\/avatar\/7eab47cefa2748c6736230c8a04b262c?s=96&d=mm&r=g\",\"contentUrl\":\"https:\/\/secure.gravatar.com\/avatar\/7eab47cefa2748c6736230c8a04b262c?s=96&d=mm&r=g\",\"caption\":\"Karoliina Leok\"},\"url\":\"https:\/\/msport.ee\/en\/author\/karoliina-leok\/\"}]}<\/script>\n<!-- \/ Yoast SEO Premium plugin. -->","yoast_head_json":{"title":"Eesti noored enduurosportlased stardivad Rumeenias mainekal Hard Enduro Arsenalil - Eesti Mootorrattaspordi F\u00f6deratsioon","robots":{"index":"index","follow":"follow","max-snippet":"max-snippet:-1","max-image-preview":"max-image-preview:large","max-video-preview":"max-video-preview:-1"},"canonical":"https:\/\/msport.ee\/2026\/04\/24\/eesti-noored-enduurosportlased-stardivad-rumeenias-mainekal-hard-enduro-arsenalil\/","og_locale":"en_US","og_type":"article","og_title":"Eesti noored enduurosportlased stardivad Rumeenias mainekal Hard Enduro Arsenalil","og_description":"M\u00f6\u00f6dunud n\u00e4dalal pakkisid meie noored enduurosportlased Miko P\u00f5der (Husqvarna) ja Timur Kelle (Beta) oma varustuse ja v\u00f5istlusmasinad bussi ning v\u00f5tsid","og_url":"https:\/\/msport.ee\/2026\/04\/24\/eesti-noored-enduurosportlased-stardivad-rumeenias-mainekal-hard-enduro-arsenalil\/","og_site_name":"Eesti Mootorrattaspordi F\u00f6deratsioon","article_publisher":"https:\/\/www.facebook.com\/EestiMF\/","article_published_time":"2026-04-24T20:40:11+00:00","og_image":[{"width":596,"height":712,"url":"https:\/\/msport.ee\/wp-content\/uploads\/2026\/04\/IMG_4454-1.jpg","type":"image\/jpeg"}],"author":"Karoliina Leok","twitter_card":"summary_large_image","twitter_creator":"@EMF_tweets","twitter_site":"@EMF_tweets","twitter_misc":{"Written by":"Karoliina Leok","Est. reading time":"1 minute"},"schema":{"@context":"https:\/\/schema.org","@graph":[{"@type":"Article","@id":"https:\/\/msport.ee\/2026\/04\/24\/eesti-noored-enduurosportlased-stardivad-rumeenias-mainekal-hard-enduro-arsenalil\/#article","isPartOf":{"@id":"https:\/\/msport.ee\/2026\/04\/24\/eesti-noored-enduurosportlased-stardivad-rumeenias-mainekal-hard-enduro-arsenalil\/"},"author":{"name":"Karoliina Leok","@id":"https:\/\/msport.ee\/#\/schema\/person\/faaf9c6e74e3bb4e851048f9bba7d296"},"headline":"Eesti noored enduurosportlased stardivad Rumeenias mainekal Hard Enduro Arsenalil","datePublished":"2026-04-24T20:40:11+00:00","dateModified":"2026-04-24T20:40:11+00:00","mainEntityOfPage":{"@id":"https:\/\/msport.ee\/2026\/04\/24\/eesti-noored-enduurosportlased-stardivad-rumeenias-mainekal-hard-enduro-arsenalil\/"},"wordCount":441,"publisher":{"@id":"https:\/\/msport.ee\/#organization"},"image":{"@id":"https:\/\/msport.ee\/2026\/04\/24\/eesti-noored-enduurosportlased-stardivad-rumeenias-mainekal-hard-enduro-arsenalil\/#primaryimage"},"thumbnailUrl":"https:\/\/msport.ee\/wp-content\/uploads\/2026\/04\/IMG_4454-1.jpg","articleSection":["Uudised"],"inLanguage":"en-US"},{"@type":"WebPage","@id":"https:\/\/msport.ee\/2026\/04\/24\/eesti-noored-enduurosportlased-stardivad-rumeenias-mainekal-hard-enduro-arsenalil\/","url":"https:\/\/msport.ee\/2026\/04\/24\/eesti-noored-enduurosportlased-stardivad-rumeenias-mainekal-hard-enduro-arsenalil\/","name":"Eesti noored enduurosportlased stardivad Rumeenias mainekal Hard Enduro Arsenalil - Eesti Mootorrattaspordi F\u00f6deratsioon","isPartOf":{"@id":"https:\/\/msport.ee\/#website"},"primaryImageOfPage":{"@id":"https:\/\/msport.ee\/2026\/04\/24\/eesti-noored-enduurosportlased-stardivad-rumeenias-mainekal-hard-enduro-arsenalil\/#primaryimage"},"image":{"@id":"https:\/\/msport.ee\/2026\/04\/24\/eesti-noored-enduurosportlased-stardivad-rumeenias-mainekal-hard-enduro-arsenalil\/#primaryimage"},"thumbnailUrl":"https:\/\/msport.ee\/wp-content\/uploads\/2026\/04\/IMG_4454-1.jpg","datePublished":"2026-04-24T20:40:11+00:00","dateModified":"2026-04-24T20:40:11+00:00","breadcrumb":{"@id":"https:\/\/msport.ee\/2026\/04\/24\/eesti-noored-enduurosportlased-stardivad-rumeenias-mainekal-hard-enduro-arsenalil\/#breadcrumb"},"inLanguage":"en-US","potentialAction":[{"@type":"ReadAction","target":["https:\/\/msport.ee\/2026\/04\/24\/eesti-noored-enduurosportlased-stardivad-rumeenias-mainekal-hard-enduro-arsenalil\/"]}]},{"@type":"ImageObject","inLanguage":"en-US","@id":"https:\/\/msport.ee\/2026\/04\/24\/eesti-noored-enduurosportlased-stardivad-rumeenias-mainekal-hard-enduro-arsenalil\/#primaryimage","url":"https:\/\/msport.ee\/wp-content\/uploads\/2026\/04\/IMG_4454-1.jpg","contentUrl":"https:\/\/msport.ee\/wp-content\/uploads\/2026\/04\/IMG_4454-1.jpg","width":596,"height":712,"caption":"Screenshot"},{"@type":"BreadcrumbList","@id":"https:\/\/msport.ee\/2026\/04\/24\/eesti-noored-enduurosportlased-stardivad-rumeenias-mainekal-hard-enduro-arsenalil\/#breadcrumb","itemListElement":[{"@type":"ListItem","position":1,"name":"Avaleht","item":"https:\/\/msport.ee\/"},{"@type":"ListItem","position":2,"name":"Eesti noored enduurosportlased stardivad Rumeenias mainekal Hard Enduro Arsenalil"}]},{"@type":"WebSite","@id":"https:\/\/msport.ee\/#website","url":"https:\/\/msport.ee\/","name":"Eesti Mootorrattaspordi F\u00f6deratsioon","description":"Eesti Mootorrattaspordi F\u00f6deratsioon","publisher":{"@id":"https:\/\/msport.ee\/#organization"},"potentialAction":[{"@type":"SearchAction","target":{"@type":"EntryPoint","urlTemplate":"https:\/\/msport.ee\/?s={search_term_string}"},"query-input":{"@type":"PropertyValueSpecification","valueRequired":true,"valueName":"search_term_string"}}],"inLanguage":"en-US"},{"@type":"Organization","@id":"https:\/\/msport.ee\/#organization","name":"MT\u00dc Eesti Mootorrattaspordi F\u00f6deratsioon","url":"https:\/\/msport.ee\/","logo":{"@type":"ImageObject","inLanguage":"en-US","@id":"https:\/\/msport.ee\/#\/schema\/logo\/image\/","url":"https:\/\/msport.ee\/wp-content\/uploads\/2014\/02\/emf_www_logo.png","contentUrl":"https:\/\/msport.ee\/wp-content\/uploads\/2014\/02\/emf_www_logo.png","width":140,"height":165,"caption":"MT\u00dc Eesti Mootorrattaspordi F\u00f6deratsioon"},"image":{"@id":"https:\/\/msport.ee\/#\/schema\/logo\/image\/"},"sameAs":["https:\/\/www.facebook.com\/EestiMF\/","https:\/\/x.com\/EMF_tweets","https:\/\/www.youtube.com\/c\/emftv"]},{"@type":"Person","@id":"https:\/\/msport.ee\/#\/schema\/person\/faaf9c6e74e3bb4e851048f9bba7d296","name":"Karoliina Leok","image":{"@type":"ImageObject","inLanguage":"en-US","@id":"https:\/\/msport.ee\/#\/schema\/person\/image\/","url":"https:\/\/secure.gravatar.com\/avatar\/7eab47cefa2748c6736230c8a04b262c?s=96&d=mm&r=g","contentUrl":"https:\/\/secure.gravatar.com\/avatar\/7eab47cefa2748c6736230c8a04b262c?s=96&d=mm&r=g","caption":"Karoliina Leok"},"url":"https:\/\/msport.ee\/en\/author\/karoliina-leok\/"}]}},"_links":{"self":[{"href":"https:\/\/msport.ee\/en\/wp-json\/wp\/v2\/posts\/1126355"}],"collection":[{"href":"https:\/\/msport.ee\/en\/wp-json\/wp\/v2\/posts"}],"about":[{"href":"https:\/\/msport.ee\/en\/wp-json\/wp\/v2\/types\/post"}],"author":[{"embeddable":true,"href":"https:\/\/msport.ee\/en\/wp-json\/wp\/v2\/users\/470"}],"replies":[{"embeddable":true,"href":"https:\/\/msport.ee\/en\/wp-json\/wp\/v2\/comments?post=1126355"}],"version-history":[{"count":1,"href":"https:\/\/msport.ee\/en\/wp-json\/wp\/v2\/posts\/1126355\/revisions"}],"predecessor-version":[{"id":1126358,"href":"https:\/\/msport.ee\/en\/wp-json\/wp\/v2\/posts\/1126355\/revisions\/1126358"}],"wp:featuredmedia":[{"embeddable":true,"href":"https:\/\/msport.ee\/en\/wp-json\/wp\/v2\/media\/1126356"}],"wp:attachment":[{"href":"https:\/\/msport.ee\/en\/wp-json\/wp\/v2\/media?parent=1126355"}],"wp:term":[{"taxonomy":"category","embeddable":true,"href":"https:\/\/msport.ee\/en\/wp-json\/wp\/v2\/categories?post=1126355"},{"taxonomy":"post_tag","embeddable":true,"href":"https:\/\/msport.ee\/en\/wp-json\/wp\/v2\/tags?post=1126355"}],"curies":[{"name":"wp","href":"https:\/\/api.w.org\/{rel}","templated":true}]}}