{"id":1126553,"date":"2026-04-27T09:03:32","date_gmt":"2026-04-27T06:03:32","guid":{"rendered":"https:\/\/msport.ee\/?p=1126553"},"modified":"2026-04-27T09:03:32","modified_gmt":"2026-04-27T06:03:32","slug":"motokrossi-eesti-noorte-karikavoistluste-avaetapp-soideti-maardus","status":"publish","type":"post","link":"https:\/\/msport.ee\/en\/2026\/04\/27\/motokrossi-eesti-noorte-karikavoistluste-avaetapp-soideti-maardus\/","title":{"rendered":"Motokrossi Eesti Noorte Karikav\u00f5istluste avaetapp s\u00f5ideti Maardus"},"content":{"rendered":"<p><strong>Laup\u00e4eval, 25. aprillil toimus Maardu krossirajal motokrossi Eesti Noorte Karikav\u00f5istluste esimene etapp. Eesti meistriv\u00f5istluste arvestuses k\u00e4isid rajal Pitbike Open ja Pitbike LImited. Ilmataat kostitas v\u00f5istlejaid avaetapil kogu p\u00e4eva v\u00e4ltel \u00fcsna jahedate oludega, kuid rada oli selle-eest suurep\u00e4rases konditsioonis ja v\u00f5idus\u00f5itu sai nautida t\u00e4iel rinnal.<\/strong><\/p>\n<p>Pitbike Open klassis alustas v\u00f5istlusp\u00e4eva k\u00f5ige paremini eelmise hooaja meister Matis Heinp\u00f5ld, kes kvalifikatsioonis parima ringiaja v\u00e4lja s\u00f5itnud. Edumaa j\u00e4rgnevate ees oli aga \u00fclinapp, teist aega n\u00e4idanud Aigar \u00dcts kaotas parimal ringil Heinp\u00f5llule vaid 0,04 sekundiga. Kolmas oli ajas\u00f5idus Marko Lepik (+0,51 sek).<\/p>\n<p>Esimest v\u00f5istluss\u00f5itu alustas k\u00f5ige paremini vanameister Lepik, kes liidrikoha enda k\u00e4tte v\u00f5ttis \u00dctsi ja Oliver Vippuli ees. \u00dcts langes kohe s\u00f5idu alguses aga viimasele kohale ja tema oli k\u00f5rgest m\u00e4ngust v\u00e4ljas. S\u00f5idu alguses esikolmikust v\u00e4ljas olnud Heinp\u00f5ld liikus aga rajal selgelt k\u00f5ige paremini ja neljandal ringil t\u00f5usis ta s\u00f5idu liidriks ning s\u00f5itis teistel seej\u00e4rel ka kindlalt eest \u00e4ra ja v\u00f5ttis l\u00f5puks \u00fcle poole minutilise edumaaga esikoha. Lepik l\u00f5petas s\u00f5idu teisena ja tugeva s\u00f5idu teise poolega t\u00f5usis kolmandaks Keiro Usin.<\/p>\n<p><img fetchpriority=\"high\" decoding=\"async\" class=\"wp-image-97876\" src=\"https:\/\/www.mxmania.eu\/wp-content\/uploads\/2026\/04\/001-147.jpg\" sizes=\"auto, (max-width: 900px) 100vw, 900px\" srcset=\"https:\/\/www.mxmania.eu\/wp-content\/uploads\/2026\/04\/001-147.jpg 1200w, https:\/\/www.mxmania.eu\/wp-content\/uploads\/2026\/04\/001-147-300x200.jpg 300w, https:\/\/www.mxmania.eu\/wp-content\/uploads\/2026\/04\/001-147-1024x683.jpg 1024w, https:\/\/www.mxmania.eu\/wp-content\/uploads\/2026\/04\/001-147-768x512.jpg 768w, https:\/\/www.mxmania.eu\/wp-content\/uploads\/2026\/04\/001-147-219x146.jpg 219w, https:\/\/www.mxmania.eu\/wp-content\/uploads\/2026\/04\/001-147-50x33.jpg 50w, https:\/\/www.mxmania.eu\/wp-content\/uploads\/2026\/04\/001-147-113x75.jpg 113w, https:\/\/www.mxmania.eu\/wp-content\/uploads\/2026\/04\/001-147-960x640.jpg 960w, https:\/\/www.mxmania.eu\/wp-content\/uploads\/2026\/04\/001-147-720x480.jpg 720w, https:\/\/www.mxmania.eu\/wp-content\/uploads\/2026\/04\/001-147-600x400.jpg 600w\" alt=\"\" width=\"900\" height=\"600\" \/><br \/>\n<em>Matis Heinp\u00f5ld \u2013 Pitbike Open klassi avaetapi parim<\/em><\/p>\n<p>Teist v\u00f5istluss\u00f5itu asus kohe alguses juhtima Heinp\u00f5ld, teise koha v\u00f5ttis sisse Lepik ja kolmanda koha \u00dcts. \u00dctsi p\u00e4ev oli t\u00e4is eba\u00f5nne ja juba kolmandal ringil j\u00e4i ta raja \u00e4\u00e4rde. Lepik \u00fcritas k\u00fcll Heinp\u00f5llule vastu hakata, kuid liider vajus ikkagi vaikselt eest \u00e4ra ja eelmise hooaja meister v\u00f5ttis ka teisest s\u00f5idust esikoha. Lepik tuli finishisse teisena ja Usin taas kolmandana.<\/p>\n<p>Etapi kokkuv\u00f5ttes teenis esikoha 50 punktiga Heinp\u00f5ld, teine oli 44 punktiga Lepik ja kolmas 40 punktiga Usin.<\/p>\n<p>Pitbike Limited klassis oli sarnaselt Open klassiga avaetapil rajal samuti 12 osalejat. Ajas\u00f5idus oli kindlalt parim Gregor Varis, kuid esimesest v\u00f5istluss\u00f5idust j\u00e4i ta eemale. Kvalifikatsioonis teist aega n\u00e4idanud Aleksander H\u00fcvale avas\u00f5idus keegi vastu ei suutnud hakata ja ta v\u00f5ttis kindla esikoha. Teisena l\u00f5petas s\u00f5idu Mairo Usin ja kolmandana Kaimo Maasing.<\/p>\n<p>Teises s\u00f5idus oli taas joonel ka Varis, kes v\u00f5ttiski stardi j\u00e4rel liidrikoha enda k\u00e4tte. M\u00f5ne ringi m\u00f6\u00f6dudes suutis liidrist m\u00f6\u00f6duda avas\u00f5idu parim H\u00fcva, kes seej\u00e4rel v\u00f5idukalt ka finishisse taas tuli. Varis v\u00f5ttis teise koha punktid ja kolmas oli Usin ning neljas Maasing.<\/p>\n<p>Etapi kokkuv\u00f5ttes oli Limited klassi parim 50 punktiga H\u00fcva, teise koha teenis 42 punktiga Usin ja kolmanda koha 38 punktiga Maasing.<\/p>\n<p>85cc klassis pidasid avas\u00f5idus v\u00e4geva lahingu esikoha eest Robin Rober Mooses ja Gregor Lootus. Ajas\u00f5idus Lootuse j\u00e4rel teine olnud Mooses v\u00f5ttis stardi j\u00e4rel liidrikoha enda k\u00e4tte ja Lootus asus teda j\u00e4litama. Neljandal ringil \u00f5nnestus Lootusel s\u00f5idu liidriks t\u00f5usta, kuid Mooses ei olnud oma viimast s\u00f5na veel \u00f6elnud. Robin Robert surus k\u00f5vasti ja m\u00f5ne ringi p\u00e4rast \u00f5nnestus tal uuesti liidriks t\u00f5usta ja esikohta ta enam k\u00e4est ei andnud. L\u00f5puks oli vahe kahe esimese vahel 4 sekundit. Enamuse s\u00f5idust liikus kolmandal kohal Johann Hansman, kes l\u00f5puks finishisse ka kolmandana j\u00f5udis.<\/p>\n<p><img decoding=\"async\" class=\"wp-image-97877 lazyload\" data-src=\"https:\/\/www.mxmania.eu\/wp-content\/uploads\/2026\/04\/001-148.jpg\" data-sizes=\"auto, (max-width: 900px) 100vw, 900px\" data-srcset=\"https:\/\/www.mxmania.eu\/wp-content\/uploads\/2026\/04\/001-148.jpg 1200w, https:\/\/www.mxmania.eu\/wp-content\/uploads\/2026\/04\/001-148-300x200.jpg 300w, https:\/\/www.mxmania.eu\/wp-content\/uploads\/2026\/04\/001-148-1024x683.jpg 1024w, https:\/\/www.mxmania.eu\/wp-content\/uploads\/2026\/04\/001-148-768x512.jpg 768w, https:\/\/www.mxmania.eu\/wp-content\/uploads\/2026\/04\/001-148-219x146.jpg 219w, https:\/\/www.mxmania.eu\/wp-content\/uploads\/2026\/04\/001-148-50x33.jpg 50w, https:\/\/www.mxmania.eu\/wp-content\/uploads\/2026\/04\/001-148-113x75.jpg 113w, https:\/\/www.mxmania.eu\/wp-content\/uploads\/2026\/04\/001-148-960x640.jpg 960w, https:\/\/www.mxmania.eu\/wp-content\/uploads\/2026\/04\/001-148-720x480.jpg 720w, https:\/\/www.mxmania.eu\/wp-content\/uploads\/2026\/04\/001-148-600x400.jpg 600w\" alt=\"\" width=\"900\" height=\"600\" src=\"data:image\/gif;base64,R0lGODlhAQABAAAAACH5BAEKAAEALAAAAAABAAEAAAICTAEAOw==\" style=\"--smush-placeholder-width: 900px; --smush-placeholder-aspect-ratio: 900\/600;\" \/><noscript><img decoding=\"async\" class=\"wp-image-97877\" src=\"https:\/\/www.mxmania.eu\/wp-content\/uploads\/2026\/04\/001-148.jpg\" sizes=\"auto, (max-width: 900px) 100vw, 900px\" srcset=\"https:\/\/www.mxmania.eu\/wp-content\/uploads\/2026\/04\/001-148.jpg 1200w, https:\/\/www.mxmania.eu\/wp-content\/uploads\/2026\/04\/001-148-300x200.jpg 300w, https:\/\/www.mxmania.eu\/wp-content\/uploads\/2026\/04\/001-148-1024x683.jpg 1024w, https:\/\/www.mxmania.eu\/wp-content\/uploads\/2026\/04\/001-148-768x512.jpg 768w, https:\/\/www.mxmania.eu\/wp-content\/uploads\/2026\/04\/001-148-219x146.jpg 219w, https:\/\/www.mxmania.eu\/wp-content\/uploads\/2026\/04\/001-148-50x33.jpg 50w, https:\/\/www.mxmania.eu\/wp-content\/uploads\/2026\/04\/001-148-113x75.jpg 113w, https:\/\/www.mxmania.eu\/wp-content\/uploads\/2026\/04\/001-148-960x640.jpg 960w, https:\/\/www.mxmania.eu\/wp-content\/uploads\/2026\/04\/001-148-720x480.jpg 720w, https:\/\/www.mxmania.eu\/wp-content\/uploads\/2026\/04\/001-148-600x400.jpg 600w\" alt=\"\" width=\"900\" height=\"600\" \/><\/noscript><br \/>\n<em>Robin Robert Mooses<\/em><\/p>\n<p>Teisest s\u00f5idust j\u00e4i eemale \u00fcks suurfavoriite Lootus ja see tegi Moosese elu k\u00f5vasti lihtsamaks. Mooses asuski stardi j\u00e4rel s\u00f5itu juhtima ja kontrollis seda kindlalt kuni v\u00f5iduka finishini. Teisel kohal liikus kogu s\u00f5idu jooksul Kristofer Valk ja kolmandal kohal Oliver Saar.<\/p>\n<p>85cc klassi arvestuses teenis etapiv\u00f5idu 50 punktiga Robin Robert Mooses, teise koha sai 40 punktiga Oliver Saar ja kolmanda koha 38 punktiga Johann Hansman. Juunioride klassi arvestuses oli parim 50 punktiga Kristofer Valk, teise koha teenis 44 punktiga Kevin Marcus Kruusandi ja kolmanda koha 40 punktiga Aston K\u00f5iv.<\/p>\n<p>65cc klassis oli avaetapil v\u00f5istlustules 31 sportlast. Esimest v\u00f5istluss\u00f5itu asus juhtima Herman Tamme, kuid kukkumine kohe s\u00f5idu alguses langetas ta esik\u00fcmnest v\u00e4lja. Liidriks t\u00f5usnud Mattias Asi ei suutnud samuti esikohal pikalt p\u00fcsida ja ka tal tuli kukkumine, mis langetas ta viimaste hulka. Seej\u00e4rel t\u00f5usis s\u00f5idu liidriks Juss Joosep Abram, kes suutis suuremaid vigu v\u00e4ltida ning v\u00f5ttis hooaja esimese s\u00f5iduv\u00f5idu. Teisena tuli finishisse Simon Asi ja kolmandana Ryan Tahk.<\/p>\n<p>Teine v\u00f5istlus\u00f5it kujunes Aside v\u00f5imu n\u00e4itamiseks. Stardi j\u00e4rel liidrikoha enda k\u00e4tte v\u00f5tnud Mattias Asi tegi kogu s\u00f5idu v\u00e4ltel v\u00e4ga head tempot ning teenis l\u00f5puks kindla esikoha. Sama kindlalt tuli teisel kohal finishisse Simon Asi. Pikka aega liikus kolmandal kohal Rico Karu, kuid s\u00f5idu l\u00f5pus oli tugevam Tahk, kes s\u00f5itu kaheksanda koha pealt oli alustanud.<\/p>\n<p>65cc p\u00f5hiklassi arvestuses teenis esikoha punktid Ryan Tahk (47 punkti), teise koha sai 43 punktiga Mattias Asi ja kolmanda koha 42 punktiga Roger Ruubel. 65cc Juunioride klassi arvestuses oli parim 47 punktiga Simon Asi, teine koha sai 38 punktiga Herman Tamme ja kolmanda koha 36 punktiga Rico Karu.<\/p>\n<p>50cc klassis tuli esikohale Devon Pilv (45 punkti), kes avas\u00f5idus oli parim ja teises s\u00f5idus kolmas. Teise koha teenis Arden Konsa (43 punkti) ja kolmanda koha Rasmus M\u00e4gi (42 punkti). 50cc Juunioride arvestuses oli kiireim Lucas Rauk (47 punkti), teise koha sai samade punktidega Mark B\u00f5t\u0161kov ja kolmanda koha 40 punktiga Stan Zuts.<\/p>\n<p>Quad 100 klassis oli v\u00f5istlejaid vaid neli, kuid avas\u00f5idus kujunes v\u00f5itlus esikoha eest \u00fcsnagi tuliseks. Stardi j\u00e4rel asus liidriks Lars Landmann ja tema j\u00e4rel teise koha v\u00f5ttis sisse Sebastian Pedras. Duo liikus teistel eest \u00e4ra ja ratas-rattas tuldi kogu s\u00f5idu v\u00e4ltel. Landmann ei suutnud kuidagi Pedrast maha raputada ja finishis olid poisid l\u00f5puks 1,6 sekundilise vahega. Napi v\u00f5idu teenis Landmann, teine oli Pedras ja kolmas Romiver Prikko.<\/p>\n<p>Teine v\u00f5istluss\u00f5it oli justkui avas\u00f5idu koopia, Landmann taas ees ja Pedras kogu s\u00f5idu jooksul tihedalt kannul. Tulemus oli sama, mis avas\u00f5idus. 1,8 sekundilise edumaaga teenis esikoha l\u00f5puks Landmann, kolmandana tuli finishisse taas Prikko. P\u00e4eva kokkuv\u00f5ttes l\u00e4ks esikoht 50 punktiga Landmannile, teine oli 44 punktiga Pedras ja kolmas 40 punktiga Prikko.<\/p>\n<p>Quad Juunioride klassi ainus v\u00f5istleja oli Alice Kivim\u00e4gi.<\/p>\n<p>ATV Lapsed K\u00e4ikudega klassis v\u00f5itis m\u00f5lemad s\u00f5idud Egert Juhaste (50 punkti), teise koha teenis 44 punktiga Trevon L\u00fc\u00fctsepp ja kolmanda koha 40 punktiga Renek Soidla. ATV Lapsed Juunioride klassi kiireim oli Andreas Emero Veide (45 punkti), teise koha teenis 43 punktiga Henri Pajur ja kolmanda koha 40 punktiga Travis Truija. ATV Lapsed Automaat klassi ainus v\u00f5istleja oli Rocco K\u00fcbarsepp.<\/p>\n<p>P\u00e4eva k\u00f5ige kiiremat s\u00f5itu tehti MX Open klassis. \u00dclekaalukalt parim oli seal Martin Michelis, kes v\u00f5itis m\u00f5lemad s\u00f5idud ja teenis p\u00e4eva kokkuv\u00f5ttes 50 punktiga esikoha. Avas\u00f5idu l\u00f5petas teisena Kairo Katkosilt ja kolmandana Kennert Nurja. Teises s\u00f5idus vahetasid nad omavahel kohad ja nii l\u00e4ks 42 punktiga p\u00e4eva kokkuv\u00f5ttes teine koht Nurjale ja kolmas koht Katkosiltile.<\/p>\n<p>MX Hobi klassis teenis esikoha Romy J\u00e4rvelaht ja teine oli Art Ariva.<\/p>\n<p>Eesti Noorte Karikav\u00f5istluste teine etapp s\u00f5idetakse 9. mail J\u00f5geval Linnam\u00e4e krossirajal.<\/p>\n","protected":false},"excerpt":{"rendered":"<p>Laup\u00e4eval, 25. aprillil toimus Maardu krossirajal motokrossi Eesti Noorte Karikav\u00f5istluste esimene etapp. Eesti meistriv\u00f5istluste arvestuses k\u00e4isid rajal Pitbike Open ja Pitbike LImited. Ilmataat kostitas v\u00f5istlejaid avaetapil kogu p\u00e4eva v\u00e4ltel \u00fcsna jahedate oludega, kuid rada oli selle-eest suurep\u00e4rases konditsioonis ja v\u00f5idus\u00f5itu sai nautida t\u00e4iel rinnal. Pitbike Open klassis alustas v\u00f5istlusp\u00e4eva k\u00f5ige paremini eelmise hooaja meister Matis [&hellip;]<\/p>\n","protected":false},"author":188,"featured_media":1126554,"comment_status":"closed","ping_status":"closed","sticky":false,"template":"","format":"aside","meta":{"_acf_changed":false,"om_disable_all_campaigns":false,"_monsterinsights_skip_tracking":false,"_monsterinsights_sitenote_active":false,"_monsterinsights_sitenote_note":"","_monsterinsights_sitenote_category":0,"_uf_show_specific_survey":0,"_uf_disable_surveys":false,"ngg_post_thumbnail":0,"footnotes":""},"categories":[3],"tags":[],"acf":[],"aioseo_notices":[],"yoast_head":"<!-- This site is optimized with the Yoast SEO Premium plugin v23.0 (Yoast SEO v23.4) - https:\/\/yoast.com\/wordpress\/plugins\/seo\/ -->\n<title>Motokrossi Eesti Noorte Karikav\u00f5istluste avaetapp s\u00f5ideti Maardus - Eesti Mootorrattaspordi F\u00f6deratsioon<\/title>\n<meta name=\"robots\" content=\"index, follow, max-snippet:-1, max-image-preview:large, max-video-preview:-1\" \/>\n<link rel=\"canonical\" href=\"https:\/\/msport.ee\/2026\/04\/27\/motokrossi-eesti-noorte-karikavoistluste-avaetapp-soideti-maardus\/\" \/>\n<meta property=\"og:locale\" content=\"en_US\" \/>\n<meta property=\"og:type\" content=\"article\" \/>\n<meta property=\"og:title\" content=\"Motokrossi Eesti Noorte Karikav\u00f5istluste avaetapp s\u00f5ideti Maardus\" \/>\n<meta property=\"og:description\" content=\"Laup\u00e4eval, 25. aprillil toimus Maardu krossirajal motokrossi Eesti Noorte Karikav\u00f5istluste esimene etapp. Eesti meistriv\u00f5istluste arvestuses k\u00e4isid rajal\" \/>\n<meta property=\"og:url\" content=\"https:\/\/msport.ee\/2026\/04\/27\/motokrossi-eesti-noorte-karikavoistluste-avaetapp-soideti-maardus\/\" \/>\n<meta property=\"og:site_name\" content=\"Eesti Mootorrattaspordi F\u00f6deratsioon\" \/>\n<meta property=\"article:publisher\" content=\"https:\/\/www.facebook.com\/EestiMF\/\" \/>\n<meta property=\"article:published_time\" content=\"2026-04-27T06:03:32+00:00\" \/>\n<meta property=\"og:image\" content=\"https:\/\/msport.ee\/wp-content\/uploads\/2026\/04\/0011-1.jpg\" \/>\n\t<meta property=\"og:image:width\" content=\"1200\" \/>\n\t<meta property=\"og:image:height\" content=\"800\" \/>\n\t<meta property=\"og:image:type\" content=\"image\/jpeg\" \/>\n<meta name=\"author\" content=\"Rain Vaikm\u00e4e\" \/>\n<meta name=\"twitter:card\" content=\"summary_large_image\" \/>\n<meta name=\"twitter:creator\" content=\"@EMF_tweets\" \/>\n<meta name=\"twitter:site\" content=\"@EMF_tweets\" \/>\n<meta name=\"twitter:label1\" content=\"Written by\" \/>\n\t<meta name=\"twitter:data1\" content=\"Rain Vaikm\u00e4e\" \/>\n\t<meta name=\"twitter:label2\" content=\"Est. reading time\" \/>\n\t<meta name=\"twitter:data2\" content=\"7 minutes\" \/>\n<script type=\"application\/ld+json\" class=\"yoast-schema-graph\">{\"@context\":\"https:\/\/schema.org\",\"@graph\":[{\"@type\":\"Article\",\"@id\":\"https:\/\/msport.ee\/2026\/04\/27\/motokrossi-eesti-noorte-karikavoistluste-avaetapp-soideti-maardus\/#article\",\"isPartOf\":{\"@id\":\"https:\/\/msport.ee\/2026\/04\/27\/motokrossi-eesti-noorte-karikavoistluste-avaetapp-soideti-maardus\/\"},\"author\":{\"name\":\"Rain Vaikm\u00e4e\",\"@id\":\"https:\/\/msport.ee\/#\/schema\/person\/0fd77658d1ad2752ecf628bf349870e5\"},\"headline\":\"Motokrossi Eesti Noorte Karikav\u00f5istluste avaetapp s\u00f5ideti Maardus\",\"datePublished\":\"2026-04-27T06:03:32+00:00\",\"dateModified\":\"2026-04-27T06:03:32+00:00\",\"mainEntityOfPage\":{\"@id\":\"https:\/\/msport.ee\/2026\/04\/27\/motokrossi-eesti-noorte-karikavoistluste-avaetapp-soideti-maardus\/\"},\"wordCount\":1184,\"publisher\":{\"@id\":\"https:\/\/msport.ee\/#organization\"},\"image\":{\"@id\":\"https:\/\/msport.ee\/2026\/04\/27\/motokrossi-eesti-noorte-karikavoistluste-avaetapp-soideti-maardus\/#primaryimage\"},\"thumbnailUrl\":\"https:\/\/msport.ee\/wp-content\/uploads\/2026\/04\/0011-1.jpg\",\"articleSection\":[\"Uudised\"],\"inLanguage\":\"en-US\"},{\"@type\":\"WebPage\",\"@id\":\"https:\/\/msport.ee\/2026\/04\/27\/motokrossi-eesti-noorte-karikavoistluste-avaetapp-soideti-maardus\/\",\"url\":\"https:\/\/msport.ee\/2026\/04\/27\/motokrossi-eesti-noorte-karikavoistluste-avaetapp-soideti-maardus\/\",\"name\":\"Motokrossi Eesti Noorte Karikav\u00f5istluste avaetapp s\u00f5ideti Maardus - Eesti Mootorrattaspordi F\u00f6deratsioon\",\"isPartOf\":{\"@id\":\"https:\/\/msport.ee\/#website\"},\"primaryImageOfPage\":{\"@id\":\"https:\/\/msport.ee\/2026\/04\/27\/motokrossi-eesti-noorte-karikavoistluste-avaetapp-soideti-maardus\/#primaryimage\"},\"image\":{\"@id\":\"https:\/\/msport.ee\/2026\/04\/27\/motokrossi-eesti-noorte-karikavoistluste-avaetapp-soideti-maardus\/#primaryimage\"},\"thumbnailUrl\":\"https:\/\/msport.ee\/wp-content\/uploads\/2026\/04\/0011-1.jpg\",\"datePublished\":\"2026-04-27T06:03:32+00:00\",\"dateModified\":\"2026-04-27T06:03:32+00:00\",\"breadcrumb\":{\"@id\":\"https:\/\/msport.ee\/2026\/04\/27\/motokrossi-eesti-noorte-karikavoistluste-avaetapp-soideti-maardus\/#breadcrumb\"},\"inLanguage\":\"en-US\",\"potentialAction\":[{\"@type\":\"ReadAction\",\"target\":[\"https:\/\/msport.ee\/2026\/04\/27\/motokrossi-eesti-noorte-karikavoistluste-avaetapp-soideti-maardus\/\"]}]},{\"@type\":\"ImageObject\",\"inLanguage\":\"en-US\",\"@id\":\"https:\/\/msport.ee\/2026\/04\/27\/motokrossi-eesti-noorte-karikavoistluste-avaetapp-soideti-maardus\/#primaryimage\",\"url\":\"https:\/\/msport.ee\/wp-content\/uploads\/2026\/04\/0011-1.jpg\",\"contentUrl\":\"https:\/\/msport.ee\/wp-content\/uploads\/2026\/04\/0011-1.jpg\",\"width\":1200,\"height\":800},{\"@type\":\"BreadcrumbList\",\"@id\":\"https:\/\/msport.ee\/2026\/04\/27\/motokrossi-eesti-noorte-karikavoistluste-avaetapp-soideti-maardus\/#breadcrumb\",\"itemListElement\":[{\"@type\":\"ListItem\",\"position\":1,\"name\":\"Avaleht\",\"item\":\"https:\/\/msport.ee\/\"},{\"@type\":\"ListItem\",\"position\":2,\"name\":\"Motokrossi Eesti Noorte Karikav\u00f5istluste avaetapp s\u00f5ideti Maardus\"}]},{\"@type\":\"WebSite\",\"@id\":\"https:\/\/msport.ee\/#website\",\"url\":\"https:\/\/msport.ee\/\",\"name\":\"Eesti Mootorrattaspordi F\u00f6deratsioon\",\"description\":\"Eesti Mootorrattaspordi F\u00f6deratsioon\",\"publisher\":{\"@id\":\"https:\/\/msport.ee\/#organization\"},\"potentialAction\":[{\"@type\":\"SearchAction\",\"target\":{\"@type\":\"EntryPoint\",\"urlTemplate\":\"https:\/\/msport.ee\/?s={search_term_string}\"},\"query-input\":{\"@type\":\"PropertyValueSpecification\",\"valueRequired\":true,\"valueName\":\"search_term_string\"}}],\"inLanguage\":\"en-US\"},{\"@type\":\"Organization\",\"@id\":\"https:\/\/msport.ee\/#organization\",\"name\":\"MT\u00dc Eesti Mootorrattaspordi F\u00f6deratsioon\",\"url\":\"https:\/\/msport.ee\/\",\"logo\":{\"@type\":\"ImageObject\",\"inLanguage\":\"en-US\",\"@id\":\"https:\/\/msport.ee\/#\/schema\/logo\/image\/\",\"url\":\"https:\/\/msport.ee\/wp-content\/uploads\/2014\/02\/emf_www_logo.png\",\"contentUrl\":\"https:\/\/msport.ee\/wp-content\/uploads\/2014\/02\/emf_www_logo.png\",\"width\":140,\"height\":165,\"caption\":\"MT\u00dc Eesti Mootorrattaspordi F\u00f6deratsioon\"},\"image\":{\"@id\":\"https:\/\/msport.ee\/#\/schema\/logo\/image\/\"},\"sameAs\":[\"https:\/\/www.facebook.com\/EestiMF\/\",\"https:\/\/x.com\/EMF_tweets\",\"https:\/\/www.youtube.com\/c\/emftv\"]},{\"@type\":\"Person\",\"@id\":\"https:\/\/msport.ee\/#\/schema\/person\/0fd77658d1ad2752ecf628bf349870e5\",\"name\":\"Rain Vaikm\u00e4e\",\"image\":{\"@type\":\"ImageObject\",\"inLanguage\":\"en-US\",\"@id\":\"https:\/\/msport.ee\/#\/schema\/person\/image\/\",\"url\":\"https:\/\/secure.gravatar.com\/avatar\/8037be77ef16f193e5fadc26e9d2db5a?s=96&d=mm&r=g\",\"contentUrl\":\"https:\/\/secure.gravatar.com\/avatar\/8037be77ef16f193e5fadc26e9d2db5a?s=96&d=mm&r=g\",\"caption\":\"Rain Vaikm\u00e4e\"},\"url\":\"https:\/\/msport.ee\/en\/author\/mxmania\/\"}]}<\/script>\n<!-- \/ Yoast SEO Premium plugin. -->","yoast_head_json":{"title":"Motokrossi Eesti Noorte Karikav\u00f5istluste avaetapp s\u00f5ideti Maardus - Eesti Mootorrattaspordi F\u00f6deratsioon","robots":{"index":"index","follow":"follow","max-snippet":"max-snippet:-1","max-image-preview":"max-image-preview:large","max-video-preview":"max-video-preview:-1"},"canonical":"https:\/\/msport.ee\/2026\/04\/27\/motokrossi-eesti-noorte-karikavoistluste-avaetapp-soideti-maardus\/","og_locale":"en_US","og_type":"article","og_title":"Motokrossi Eesti Noorte Karikav\u00f5istluste avaetapp s\u00f5ideti Maardus","og_description":"Laup\u00e4eval, 25. aprillil toimus Maardu krossirajal motokrossi Eesti Noorte Karikav\u00f5istluste esimene etapp. Eesti meistriv\u00f5istluste arvestuses k\u00e4isid rajal","og_url":"https:\/\/msport.ee\/2026\/04\/27\/motokrossi-eesti-noorte-karikavoistluste-avaetapp-soideti-maardus\/","og_site_name":"Eesti Mootorrattaspordi F\u00f6deratsioon","article_publisher":"https:\/\/www.facebook.com\/EestiMF\/","article_published_time":"2026-04-27T06:03:32+00:00","og_image":[{"width":1200,"height":800,"url":"https:\/\/msport.ee\/wp-content\/uploads\/2026\/04\/0011-1.jpg","type":"image\/jpeg"}],"author":"Rain Vaikm\u00e4e","twitter_card":"summary_large_image","twitter_creator":"@EMF_tweets","twitter_site":"@EMF_tweets","twitter_misc":{"Written by":"Rain Vaikm\u00e4e","Est. reading time":"7 minutes"},"schema":{"@context":"https:\/\/schema.org","@graph":[{"@type":"Article","@id":"https:\/\/msport.ee\/2026\/04\/27\/motokrossi-eesti-noorte-karikavoistluste-avaetapp-soideti-maardus\/#article","isPartOf":{"@id":"https:\/\/msport.ee\/2026\/04\/27\/motokrossi-eesti-noorte-karikavoistluste-avaetapp-soideti-maardus\/"},"author":{"name":"Rain Vaikm\u00e4e","@id":"https:\/\/msport.ee\/#\/schema\/person\/0fd77658d1ad2752ecf628bf349870e5"},"headline":"Motokrossi Eesti Noorte Karikav\u00f5istluste avaetapp s\u00f5ideti Maardus","datePublished":"2026-04-27T06:03:32+00:00","dateModified":"2026-04-27T06:03:32+00:00","mainEntityOfPage":{"@id":"https:\/\/msport.ee\/2026\/04\/27\/motokrossi-eesti-noorte-karikavoistluste-avaetapp-soideti-maardus\/"},"wordCount":1184,"publisher":{"@id":"https:\/\/msport.ee\/#organization"},"image":{"@id":"https:\/\/msport.ee\/2026\/04\/27\/motokrossi-eesti-noorte-karikavoistluste-avaetapp-soideti-maardus\/#primaryimage"},"thumbnailUrl":"https:\/\/msport.ee\/wp-content\/uploads\/2026\/04\/0011-1.jpg","articleSection":["Uudised"],"inLanguage":"en-US"},{"@type":"WebPage","@id":"https:\/\/msport.ee\/2026\/04\/27\/motokrossi-eesti-noorte-karikavoistluste-avaetapp-soideti-maardus\/","url":"https:\/\/msport.ee\/2026\/04\/27\/motokrossi-eesti-noorte-karikavoistluste-avaetapp-soideti-maardus\/","name":"Motokrossi Eesti Noorte Karikav\u00f5istluste avaetapp s\u00f5ideti Maardus - Eesti Mootorrattaspordi F\u00f6deratsioon","isPartOf":{"@id":"https:\/\/msport.ee\/#website"},"primaryImageOfPage":{"@id":"https:\/\/msport.ee\/2026\/04\/27\/motokrossi-eesti-noorte-karikavoistluste-avaetapp-soideti-maardus\/#primaryimage"},"image":{"@id":"https:\/\/msport.ee\/2026\/04\/27\/motokrossi-eesti-noorte-karikavoistluste-avaetapp-soideti-maardus\/#primaryimage"},"thumbnailUrl":"https:\/\/msport.ee\/wp-content\/uploads\/2026\/04\/0011-1.jpg","datePublished":"2026-04-27T06:03:32+00:00","dateModified":"2026-04-27T06:03:32+00:00","breadcrumb":{"@id":"https:\/\/msport.ee\/2026\/04\/27\/motokrossi-eesti-noorte-karikavoistluste-avaetapp-soideti-maardus\/#breadcrumb"},"inLanguage":"en-US","potentialAction":[{"@type":"ReadAction","target":["https:\/\/msport.ee\/2026\/04\/27\/motokrossi-eesti-noorte-karikavoistluste-avaetapp-soideti-maardus\/"]}]},{"@type":"ImageObject","inLanguage":"en-US","@id":"https:\/\/msport.ee\/2026\/04\/27\/motokrossi-eesti-noorte-karikavoistluste-avaetapp-soideti-maardus\/#primaryimage","url":"https:\/\/msport.ee\/wp-content\/uploads\/2026\/04\/0011-1.jpg","contentUrl":"https:\/\/msport.ee\/wp-content\/uploads\/2026\/04\/0011-1.jpg","width":1200,"height":800},{"@type":"BreadcrumbList","@id":"https:\/\/msport.ee\/2026\/04\/27\/motokrossi-eesti-noorte-karikavoistluste-avaetapp-soideti-maardus\/#breadcrumb","itemListElement":[{"@type":"ListItem","position":1,"name":"Avaleht","item":"https:\/\/msport.ee\/"},{"@type":"ListItem","position":2,"name":"Motokrossi Eesti Noorte Karikav\u00f5istluste avaetapp s\u00f5ideti Maardus"}]},{"@type":"WebSite","@id":"https:\/\/msport.ee\/#website","url":"https:\/\/msport.ee\/","name":"Eesti Mootorrattaspordi F\u00f6deratsioon","description":"Eesti Mootorrattaspordi F\u00f6deratsioon","publisher":{"@id":"https:\/\/msport.ee\/#organization"},"potentialAction":[{"@type":"SearchAction","target":{"@type":"EntryPoint","urlTemplate":"https:\/\/msport.ee\/?s={search_term_string}"},"query-input":{"@type":"PropertyValueSpecification","valueRequired":true,"valueName":"search_term_string"}}],"inLanguage":"en-US"},{"@type":"Organization","@id":"https:\/\/msport.ee\/#organization","name":"MT\u00dc Eesti Mootorrattaspordi F\u00f6deratsioon","url":"https:\/\/msport.ee\/","logo":{"@type":"ImageObject","inLanguage":"en-US","@id":"https:\/\/msport.ee\/#\/schema\/logo\/image\/","url":"https:\/\/msport.ee\/wp-content\/uploads\/2014\/02\/emf_www_logo.png","contentUrl":"https:\/\/msport.ee\/wp-content\/uploads\/2014\/02\/emf_www_logo.png","width":140,"height":165,"caption":"MT\u00dc Eesti Mootorrattaspordi F\u00f6deratsioon"},"image":{"@id":"https:\/\/msport.ee\/#\/schema\/logo\/image\/"},"sameAs":["https:\/\/www.facebook.com\/EestiMF\/","https:\/\/x.com\/EMF_tweets","https:\/\/www.youtube.com\/c\/emftv"]},{"@type":"Person","@id":"https:\/\/msport.ee\/#\/schema\/person\/0fd77658d1ad2752ecf628bf349870e5","name":"Rain Vaikm\u00e4e","image":{"@type":"ImageObject","inLanguage":"en-US","@id":"https:\/\/msport.ee\/#\/schema\/person\/image\/","url":"https:\/\/secure.gravatar.com\/avatar\/8037be77ef16f193e5fadc26e9d2db5a?s=96&d=mm&r=g","contentUrl":"https:\/\/secure.gravatar.com\/avatar\/8037be77ef16f193e5fadc26e9d2db5a?s=96&d=mm&r=g","caption":"Rain Vaikm\u00e4e"},"url":"https:\/\/msport.ee\/en\/author\/mxmania\/"}]}},"_links":{"self":[{"href":"https:\/\/msport.ee\/en\/wp-json\/wp\/v2\/posts\/1126553"}],"collection":[{"href":"https:\/\/msport.ee\/en\/wp-json\/wp\/v2\/posts"}],"about":[{"href":"https:\/\/msport.ee\/en\/wp-json\/wp\/v2\/types\/post"}],"author":[{"embeddable":true,"href":"https:\/\/msport.ee\/en\/wp-json\/wp\/v2\/users\/188"}],"replies":[{"embeddable":true,"href":"https:\/\/msport.ee\/en\/wp-json\/wp\/v2\/comments?post=1126553"}],"version-history":[{"count":1,"href":"https:\/\/msport.ee\/en\/wp-json\/wp\/v2\/posts\/1126553\/revisions"}],"predecessor-version":[{"id":1126556,"href":"https:\/\/msport.ee\/en\/wp-json\/wp\/v2\/posts\/1126553\/revisions\/1126556"}],"wp:featuredmedia":[{"embeddable":true,"href":"https:\/\/msport.ee\/en\/wp-json\/wp\/v2\/media\/1126554"}],"wp:attachment":[{"href":"https:\/\/msport.ee\/en\/wp-json\/wp\/v2\/media?parent=1126553"}],"wp:term":[{"taxonomy":"category","embeddable":true,"href":"https:\/\/msport.ee\/en\/wp-json\/wp\/v2\/categories?post=1126553"},{"taxonomy":"post_tag","embeddable":true,"href":"https:\/\/msport.ee\/en\/wp-json\/wp\/v2\/tags?post=1126553"}],"curies":[{"name":"wp","href":"https:\/\/api.w.org\/{rel}","templated":true}]}}