{"id":1129923,"date":"2026-09-02T16:16:56","date_gmt":"2026-09-02T13:16:56","guid":{"rendered":"https:\/\/msport.ee\/?p=1129923"},"modified":"2026-09-02T22:49:57","modified_gmt":"2026-09-02T19:49:57","slug":"muudatus-kulgvankrite-klassi-emv-ja-ekv-arvestuses","status":"publish","type":"post","link":"https:\/\/msport.ee\/en\/2026\/09\/02\/muudatus-kulgvankrite-klassi-emv-ja-ekv-arvestuses\/","title":{"rendered":"Muudatus k\u00fclgvankrite klassi EMV ja EKV arvestuses"},"content":{"rendered":"<p>Seoses Eesti k\u00fclgkorvide koondise osalemisega 26.\u201327. septembril Prantsusmaal toimuval Rahvuste krossil tehti koondise liikmete ja manageri palvel k\u00fclgkorvide Eesti meistriv\u00f5istluste ja karikav\u00f5istluste kalendris v\u00e4ike muudatus.<\/p>\n<p>Muudatuse peamiseks p\u00f5hjuseks on soov arvestada koondise liikmete ja meeskonna praeguse finantsolukorraga ning tagada meeskonna ja tehnika maksimaalne ettevalmistus ning valmisolek eelseisvaks Rahvuste krossiks.<\/p>\n<p>Sellest tulenevalt toimub 20. septembril Maardu etapil KV-klassis Eesti meistriv\u00f5istluste arvestuse asemel Eesti karikav\u00f5istluste arvestus.<\/p>\n<p>Oluline on r\u00f5hutada, et muudatus puudutab ainult KV-klassi. KV Vet 45+ klassis toimub Maardus endiselt Eesti meistriv\u00f5istluste arvestus ning selle klassi sees tunnustame eraldi ka KV Vet 55+ klassi parimaid.<\/p>\n<p>Seega selgub sel p\u00fchap\u00e4eval, 6. septembril Lange Motokeskuses KV-klassi Eesti Meister.<\/p>\n<p>20. septembril Maardus selguvad KV-klassi Karikav\u00f5itjad!<\/p>\n<p>T\u00e4name k\u00f5iki osapooli m\u00f5istva suhtumise ja hea koost\u00f6\u00f6 eest!<\/p>\n","protected":false},"excerpt":{"rendered":"<p>Seoses Eesti k\u00fclgkorvide koondise osalemisega 26.\u201327. septembril Prantsusmaal toimuval Rahvuste krossil tehti koondise liikmete ja manageri palvel k\u00fclgkorvide Eesti meistriv\u00f5istluste ja karikav\u00f5istluste kalendris v\u00e4ike muudatus. Muudatuse peamiseks p\u00f5hjuseks on soov arvestada koondise liikmete ja meeskonna praeguse finantsolukorraga ning tagada meeskonna ja tehnika maksimaalne ettevalmistus ning valmisolek eelseisvaks Rahvuste krossiks. Sellest tulenevalt toimub 20. septembril Maardu [&hellip;]<\/p>\n","protected":false},"author":470,"featured_media":1129927,"comment_status":"closed","ping_status":"closed","sticky":false,"template":"","format":"aside","meta":{"_acf_changed":false,"om_disable_all_campaigns":false,"_monsterinsights_skip_tracking":false,"_monsterinsights_sitenote_active":false,"_monsterinsights_sitenote_note":"","_monsterinsights_sitenote_category":0,"_uf_show_specific_survey":0,"_uf_disable_surveys":false,"ngg_post_thumbnail":0,"footnotes":""},"categories":[3],"tags":[],"acf":[],"aioseo_notices":[],"yoast_head":"<!-- This site is optimized with the Yoast SEO Premium plugin v23.0 (Yoast SEO v23.4) - https:\/\/yoast.com\/wordpress\/plugins\/seo\/ -->\n<title>Muudatus k\u00fclgvankrite klassi EMV ja EKV arvestuses - Eesti Mootorrattaspordi F\u00f6deratsioon<\/title>\n<meta name=\"robots\" content=\"index, follow, max-snippet:-1, max-image-preview:large, max-video-preview:-1\" \/>\n<link rel=\"canonical\" href=\"https:\/\/msport.ee\/2026\/09\/02\/muudatus-kulgvankrite-klassi-emv-ja-ekv-arvestuses\/\" \/>\n<meta property=\"og:locale\" content=\"en_US\" \/>\n<meta property=\"og:type\" content=\"article\" \/>\n<meta property=\"og:title\" content=\"Muudatus k\u00fclgvankrite klassi EMV ja EKV arvestuses\" \/>\n<meta property=\"og:description\" content=\"Seoses Eesti k\u00fclgkorvide koondise osalemisega 26.\u201327. septembril Prantsusmaal toimuval Rahvuste krossil tehti koondise liikmete ja manageri palvel\" \/>\n<meta property=\"og:url\" content=\"https:\/\/msport.ee\/2026\/09\/02\/muudatus-kulgvankrite-klassi-emv-ja-ekv-arvestuses\/\" \/>\n<meta property=\"og:site_name\" content=\"Eesti Mootorrattaspordi F\u00f6deratsioon\" \/>\n<meta property=\"article:publisher\" content=\"https:\/\/www.facebook.com\/EestiMF\/\" \/>\n<meta property=\"article:published_time\" content=\"2026-09-02T13:16:56+00:00\" \/>\n<meta property=\"article:modified_time\" content=\"2026-09-02T19:49:57+00:00\" \/>\n<meta property=\"og:image\" content=\"https:\/\/msport.ee\/wp-content\/uploads\/2026\/09\/Kulgvankrite-kalendri-muudatus-1.png\" \/>\n\t<meta property=\"og:image:width\" content=\"1200\" \/>\n\t<meta property=\"og:image:height\" content=\"630\" \/>\n\t<meta property=\"og:image:type\" content=\"image\/png\" \/>\n<meta name=\"author\" content=\"Karoliina Leok\" \/>\n<meta name=\"twitter:card\" content=\"summary_large_image\" \/>\n<meta name=\"twitter:creator\" content=\"@EMF_tweets\" \/>\n<meta name=\"twitter:site\" content=\"@EMF_tweets\" \/>\n<meta name=\"twitter:label1\" content=\"Written by\" \/>\n\t<meta name=\"twitter:data1\" content=\"Karoliina Leok\" \/>\n\t<meta name=\"twitter:label2\" content=\"Est. reading time\" \/>\n\t<meta name=\"twitter:data2\" content=\"1 minute\" \/>\n<script type=\"application\/ld+json\" class=\"yoast-schema-graph\">{\"@context\":\"https:\/\/schema.org\",\"@graph\":[{\"@type\":\"Article\",\"@id\":\"https:\/\/msport.ee\/2026\/09\/02\/muudatus-kulgvankrite-klassi-emv-ja-ekv-arvestuses\/#article\",\"isPartOf\":{\"@id\":\"https:\/\/msport.ee\/2026\/09\/02\/muudatus-kulgvankrite-klassi-emv-ja-ekv-arvestuses\/\"},\"author\":{\"name\":\"Karoliina Leok\",\"@id\":\"https:\/\/msport.ee\/#\/schema\/person\/faaf9c6e74e3bb4e851048f9bba7d296\"},\"headline\":\"Muudatus k\u00fclgvankrite klassi EMV ja EKV arvestuses\",\"datePublished\":\"2026-09-02T13:16:56+00:00\",\"dateModified\":\"2026-09-02T19:49:57+00:00\",\"mainEntityOfPage\":{\"@id\":\"https:\/\/msport.ee\/2026\/09\/02\/muudatus-kulgvankrite-klassi-emv-ja-ekv-arvestuses\/\"},\"wordCount\":138,\"publisher\":{\"@id\":\"https:\/\/msport.ee\/#organization\"},\"image\":{\"@id\":\"https:\/\/msport.ee\/2026\/09\/02\/muudatus-kulgvankrite-klassi-emv-ja-ekv-arvestuses\/#primaryimage\"},\"thumbnailUrl\":\"https:\/\/msport.ee\/wp-content\/uploads\/2026\/09\/Kulgvankrite-kalendri-muudatus-1.png\",\"articleSection\":[\"Uudised\"],\"inLanguage\":\"en-US\"},{\"@type\":\"WebPage\",\"@id\":\"https:\/\/msport.ee\/2026\/09\/02\/muudatus-kulgvankrite-klassi-emv-ja-ekv-arvestuses\/\",\"url\":\"https:\/\/msport.ee\/2026\/09\/02\/muudatus-kulgvankrite-klassi-emv-ja-ekv-arvestuses\/\",\"name\":\"Muudatus k\u00fclgvankrite klassi EMV ja EKV arvestuses - Eesti Mootorrattaspordi F\u00f6deratsioon\",\"isPartOf\":{\"@id\":\"https:\/\/msport.ee\/#website\"},\"primaryImageOfPage\":{\"@id\":\"https:\/\/msport.ee\/2026\/09\/02\/muudatus-kulgvankrite-klassi-emv-ja-ekv-arvestuses\/#primaryimage\"},\"image\":{\"@id\":\"https:\/\/msport.ee\/2026\/09\/02\/muudatus-kulgvankrite-klassi-emv-ja-ekv-arvestuses\/#primaryimage\"},\"thumbnailUrl\":\"https:\/\/msport.ee\/wp-content\/uploads\/2026\/09\/Kulgvankrite-kalendri-muudatus-1.png\",\"datePublished\":\"2026-09-02T13:16:56+00:00\",\"dateModified\":\"2026-09-02T19:49:57+00:00\",\"breadcrumb\":{\"@id\":\"https:\/\/msport.ee\/2026\/09\/02\/muudatus-kulgvankrite-klassi-emv-ja-ekv-arvestuses\/#breadcrumb\"},\"inLanguage\":\"en-US\",\"potentialAction\":[{\"@type\":\"ReadAction\",\"target\":[\"https:\/\/msport.ee\/2026\/09\/02\/muudatus-kulgvankrite-klassi-emv-ja-ekv-arvestuses\/\"]}]},{\"@type\":\"ImageObject\",\"inLanguage\":\"en-US\",\"@id\":\"https:\/\/msport.ee\/2026\/09\/02\/muudatus-kulgvankrite-klassi-emv-ja-ekv-arvestuses\/#primaryimage\",\"url\":\"https:\/\/msport.ee\/wp-content\/uploads\/2026\/09\/Kulgvankrite-kalendri-muudatus-1.png\",\"contentUrl\":\"https:\/\/msport.ee\/wp-content\/uploads\/2026\/09\/Kulgvankrite-kalendri-muudatus-1.png\",\"width\":1200,\"height\":630},{\"@type\":\"BreadcrumbList\",\"@id\":\"https:\/\/msport.ee\/2026\/09\/02\/muudatus-kulgvankrite-klassi-emv-ja-ekv-arvestuses\/#breadcrumb\",\"itemListElement\":[{\"@type\":\"ListItem\",\"position\":1,\"name\":\"Avaleht\",\"item\":\"https:\/\/msport.ee\/\"},{\"@type\":\"ListItem\",\"position\":2,\"name\":\"Muudatus k\u00fclgvankrite klassi EMV ja EKV arvestuses\"}]},{\"@type\":\"WebSite\",\"@id\":\"https:\/\/msport.ee\/#website\",\"url\":\"https:\/\/msport.ee\/\",\"name\":\"Eesti Mootorrattaspordi F\u00f6deratsioon\",\"description\":\"\",\"publisher\":{\"@id\":\"https:\/\/msport.ee\/#organization\"},\"potentialAction\":[{\"@type\":\"SearchAction\",\"target\":{\"@type\":\"EntryPoint\",\"urlTemplate\":\"https:\/\/msport.ee\/?s={search_term_string}\"},\"query-input\":{\"@type\":\"PropertyValueSpecification\",\"valueRequired\":true,\"valueName\":\"search_term_string\"}}],\"inLanguage\":\"en-US\"},{\"@type\":\"Organization\",\"@id\":\"https:\/\/msport.ee\/#organization\",\"name\":\"MT\u00dc Eesti Mootorrattaspordi F\u00f6deratsioon\",\"url\":\"https:\/\/msport.ee\/\",\"logo\":{\"@type\":\"ImageObject\",\"inLanguage\":\"en-US\",\"@id\":\"https:\/\/msport.ee\/#\/schema\/logo\/image\/\",\"url\":\"https:\/\/msport.ee\/wp-content\/uploads\/2014\/02\/emf_www_logo.png\",\"contentUrl\":\"https:\/\/msport.ee\/wp-content\/uploads\/2014\/02\/emf_www_logo.png\",\"width\":140,\"height\":165,\"caption\":\"MT\u00dc Eesti Mootorrattaspordi F\u00f6deratsioon\"},\"image\":{\"@id\":\"https:\/\/msport.ee\/#\/schema\/logo\/image\/\"},\"sameAs\":[\"https:\/\/www.facebook.com\/EestiMF\/\",\"https:\/\/x.com\/EMF_tweets\",\"https:\/\/www.youtube.com\/c\/emftv\"]},{\"@type\":\"Person\",\"@id\":\"https:\/\/msport.ee\/#\/schema\/person\/faaf9c6e74e3bb4e851048f9bba7d296\",\"name\":\"Karoliina Leok\",\"image\":{\"@type\":\"ImageObject\",\"inLanguage\":\"en-US\",\"@id\":\"https:\/\/msport.ee\/#\/schema\/person\/image\/\",\"url\":\"https:\/\/secure.gravatar.com\/avatar\/7eab47cefa2748c6736230c8a04b262c?s=96&d=mm&r=g\",\"contentUrl\":\"https:\/\/secure.gravatar.com\/avatar\/7eab47cefa2748c6736230c8a04b262c?s=96&d=mm&r=g\",\"caption\":\"Karoliina Leok\"},\"url\":\"https:\/\/msport.ee\/en\/author\/karoliina-leok\/\"}]}<\/script>\n<!-- \/ Yoast SEO Premium plugin. -->","yoast_head_json":{"title":"Muudatus k\u00fclgvankrite klassi EMV ja EKV arvestuses - Eesti Mootorrattaspordi F\u00f6deratsioon","robots":{"index":"index","follow":"follow","max-snippet":"max-snippet:-1","max-image-preview":"max-image-preview:large","max-video-preview":"max-video-preview:-1"},"canonical":"https:\/\/msport.ee\/2026\/09\/02\/muudatus-kulgvankrite-klassi-emv-ja-ekv-arvestuses\/","og_locale":"en_US","og_type":"article","og_title":"Muudatus k\u00fclgvankrite klassi EMV ja EKV arvestuses","og_description":"Seoses Eesti k\u00fclgkorvide koondise osalemisega 26.\u201327. septembril Prantsusmaal toimuval Rahvuste krossil tehti koondise liikmete ja manageri palvel","og_url":"https:\/\/msport.ee\/2026\/09\/02\/muudatus-kulgvankrite-klassi-emv-ja-ekv-arvestuses\/","og_site_name":"Eesti Mootorrattaspordi F\u00f6deratsioon","article_publisher":"https:\/\/www.facebook.com\/EestiMF\/","article_published_time":"2026-09-02T13:16:56+00:00","article_modified_time":"2026-09-02T19:49:57+00:00","og_image":[{"width":1200,"height":630,"url":"https:\/\/msport.ee\/wp-content\/uploads\/2026\/09\/Kulgvankrite-kalendri-muudatus-1.png","type":"image\/png"}],"author":"Karoliina Leok","twitter_card":"summary_large_image","twitter_creator":"@EMF_tweets","twitter_site":"@EMF_tweets","twitter_misc":{"Written by":"Karoliina Leok","Est. reading time":"1 minute"},"schema":{"@context":"https:\/\/schema.org","@graph":[{"@type":"Article","@id":"https:\/\/msport.ee\/2026\/09\/02\/muudatus-kulgvankrite-klassi-emv-ja-ekv-arvestuses\/#article","isPartOf":{"@id":"https:\/\/msport.ee\/2026\/09\/02\/muudatus-kulgvankrite-klassi-emv-ja-ekv-arvestuses\/"},"author":{"name":"Karoliina Leok","@id":"https:\/\/msport.ee\/#\/schema\/person\/faaf9c6e74e3bb4e851048f9bba7d296"},"headline":"Muudatus k\u00fclgvankrite klassi EMV ja EKV arvestuses","datePublished":"2026-09-02T13:16:56+00:00","dateModified":"2026-09-02T19:49:57+00:00","mainEntityOfPage":{"@id":"https:\/\/msport.ee\/2026\/09\/02\/muudatus-kulgvankrite-klassi-emv-ja-ekv-arvestuses\/"},"wordCount":138,"publisher":{"@id":"https:\/\/msport.ee\/#organization"},"image":{"@id":"https:\/\/msport.ee\/2026\/09\/02\/muudatus-kulgvankrite-klassi-emv-ja-ekv-arvestuses\/#primaryimage"},"thumbnailUrl":"https:\/\/msport.ee\/wp-content\/uploads\/2026\/09\/Kulgvankrite-kalendri-muudatus-1.png","articleSection":["Uudised"],"inLanguage":"en-US"},{"@type":"WebPage","@id":"https:\/\/msport.ee\/2026\/09\/02\/muudatus-kulgvankrite-klassi-emv-ja-ekv-arvestuses\/","url":"https:\/\/msport.ee\/2026\/09\/02\/muudatus-kulgvankrite-klassi-emv-ja-ekv-arvestuses\/","name":"Muudatus k\u00fclgvankrite klassi EMV ja EKV arvestuses - Eesti Mootorrattaspordi F\u00f6deratsioon","isPartOf":{"@id":"https:\/\/msport.ee\/#website"},"primaryImageOfPage":{"@id":"https:\/\/msport.ee\/2026\/09\/02\/muudatus-kulgvankrite-klassi-emv-ja-ekv-arvestuses\/#primaryimage"},"image":{"@id":"https:\/\/msport.ee\/2026\/09\/02\/muudatus-kulgvankrite-klassi-emv-ja-ekv-arvestuses\/#primaryimage"},"thumbnailUrl":"https:\/\/msport.ee\/wp-content\/uploads\/2026\/09\/Kulgvankrite-kalendri-muudatus-1.png","datePublished":"2026-09-02T13:16:56+00:00","dateModified":"2026-09-02T19:49:57+00:00","breadcrumb":{"@id":"https:\/\/msport.ee\/2026\/09\/02\/muudatus-kulgvankrite-klassi-emv-ja-ekv-arvestuses\/#breadcrumb"},"inLanguage":"en-US","potentialAction":[{"@type":"ReadAction","target":["https:\/\/msport.ee\/2026\/09\/02\/muudatus-kulgvankrite-klassi-emv-ja-ekv-arvestuses\/"]}]},{"@type":"ImageObject","inLanguage":"en-US","@id":"https:\/\/msport.ee\/2026\/09\/02\/muudatus-kulgvankrite-klassi-emv-ja-ekv-arvestuses\/#primaryimage","url":"https:\/\/msport.ee\/wp-content\/uploads\/2026\/09\/Kulgvankrite-kalendri-muudatus-1.png","contentUrl":"https:\/\/msport.ee\/wp-content\/uploads\/2026\/09\/Kulgvankrite-kalendri-muudatus-1.png","width":1200,"height":630},{"@type":"BreadcrumbList","@id":"https:\/\/msport.ee\/2026\/09\/02\/muudatus-kulgvankrite-klassi-emv-ja-ekv-arvestuses\/#breadcrumb","itemListElement":[{"@type":"ListItem","position":1,"name":"Avaleht","item":"https:\/\/msport.ee\/"},{"@type":"ListItem","position":2,"name":"Muudatus k\u00fclgvankrite klassi EMV ja EKV arvestuses"}]},{"@type":"WebSite","@id":"https:\/\/msport.ee\/#website","url":"https:\/\/msport.ee\/","name":"Eesti Mootorrattaspordi F\u00f6deratsioon","description":"","publisher":{"@id":"https:\/\/msport.ee\/#organization"},"potentialAction":[{"@type":"SearchAction","target":{"@type":"EntryPoint","urlTemplate":"https:\/\/msport.ee\/?s={search_term_string}"},"query-input":{"@type":"PropertyValueSpecification","valueRequired":true,"valueName":"search_term_string"}}],"inLanguage":"en-US"},{"@type":"Organization","@id":"https:\/\/msport.ee\/#organization","name":"MT\u00dc Eesti Mootorrattaspordi F\u00f6deratsioon","url":"https:\/\/msport.ee\/","logo":{"@type":"ImageObject","inLanguage":"en-US","@id":"https:\/\/msport.ee\/#\/schema\/logo\/image\/","url":"https:\/\/msport.ee\/wp-content\/uploads\/2014\/02\/emf_www_logo.png","contentUrl":"https:\/\/msport.ee\/wp-content\/uploads\/2014\/02\/emf_www_logo.png","width":140,"height":165,"caption":"MT\u00dc Eesti Mootorrattaspordi F\u00f6deratsioon"},"image":{"@id":"https:\/\/msport.ee\/#\/schema\/logo\/image\/"},"sameAs":["https:\/\/www.facebook.com\/EestiMF\/","https:\/\/x.com\/EMF_tweets","https:\/\/www.youtube.com\/c\/emftv"]},{"@type":"Person","@id":"https:\/\/msport.ee\/#\/schema\/person\/faaf9c6e74e3bb4e851048f9bba7d296","name":"Karoliina Leok","image":{"@type":"ImageObject","inLanguage":"en-US","@id":"https:\/\/msport.ee\/#\/schema\/person\/image\/","url":"https:\/\/secure.gravatar.com\/avatar\/7eab47cefa2748c6736230c8a04b262c?s=96&d=mm&r=g","contentUrl":"https:\/\/secure.gravatar.com\/avatar\/7eab47cefa2748c6736230c8a04b262c?s=96&d=mm&r=g","caption":"Karoliina Leok"},"url":"https:\/\/msport.ee\/en\/author\/karoliina-leok\/"}]}},"_links":{"self":[{"href":"https:\/\/msport.ee\/en\/wp-json\/wp\/v2\/posts\/1129923"}],"collection":[{"href":"https:\/\/msport.ee\/en\/wp-json\/wp\/v2\/posts"}],"about":[{"href":"https:\/\/msport.ee\/en\/wp-json\/wp\/v2\/types\/post"}],"author":[{"embeddable":true,"href":"https:\/\/msport.ee\/en\/wp-json\/wp\/v2\/users\/470"}],"replies":[{"embeddable":true,"href":"https:\/\/msport.ee\/en\/wp-json\/wp\/v2\/comments?post=1129923"}],"version-history":[{"count":1,"href":"https:\/\/msport.ee\/en\/wp-json\/wp\/v2\/posts\/1129923\/revisions"}],"predecessor-version":[{"id":1129926,"href":"https:\/\/msport.ee\/en\/wp-json\/wp\/v2\/posts\/1129923\/revisions\/1129926"}],"wp:featuredmedia":[{"embeddable":true,"href":"https:\/\/msport.ee\/en\/wp-json\/wp\/v2\/media\/1129927"}],"wp:attachment":[{"href":"https:\/\/msport.ee\/en\/wp-json\/wp\/v2\/media?parent=1129923"}],"wp:term":[{"taxonomy":"category","embeddable":true,"href":"https:\/\/msport.ee\/en\/wp-json\/wp\/v2\/categories?post=1129923"},{"taxonomy":"post_tag","embeddable":true,"href":"https:\/\/msport.ee\/en\/wp-json\/wp\/v2\/tags?post=1129923"}],"curies":[{"name":"wp","href":"https:\/\/api.w.org\/{rel}","templated":true}]}}