{"id":1129945,"date":"2026-09-05T15:26:42","date_gmt":"2026-09-05T12:26:42","guid":{"rendered":"https:\/\/msport.ee\/?p=1129945"},"modified":"2026-09-05T15:26:42","modified_gmt":"2026-09-05T12:26:42","slug":"eesti-paneb-rahvuste-supermotole-sel-aastal-valja-juunioride-koondise","status":"publish","type":"post","link":"https:\/\/msport.ee\/en\/2026\/09\/05\/eesti-paneb-rahvuste-supermotole-sel-aastal-valja-juunioride-koondise\/","title":{"rendered":"Eesti paneb Rahvuste Supermotole sel aastal v\u00e4lja juunioride koondise"},"content":{"rendered":"<p><span style=\"font-weight: 500;\">Eesti osaleb t\u00e4navu Rahvuste Supermotol juunioride arvestuses meeskonnaga, kuhu kuuluvad Aksel P\u00e4rtelpoeg (Honda), Karl Takk (Husqvarna) ja Eerik Madisson (KTM).&nbsp;<\/span><\/p>\n<p><span style=\"font-weight: 500;\">Koondise manageri Karl P\u00e4rtelpoja s\u00f5nul minnakse St. Wendeli rajal toimuvale v\u00f5istlusele p\u00e4ris k\u00f5rgete ootustega. V\u00f5istlusele on t\u00e4navu \u00fcles antud 8 p\u00f5hi- ja 8 juunioride meeskonda 11 riigist.<\/span><\/p>\n<p><span style=\"font-weight: 500;\">Aksel P\u00e4rtelpoeg on sel hooajal osalenud mitmel maailmameistriv\u00f5istluste etapil ja krooniti just Leedu meistriks S1 klassis. Enne viimast etappi juhib Aksel Balti meistriv\u00f5istlusi ning ka Kesk-Euroopa Cupi enne viimast T\u0161ehhi etappi. MM-hooaja viimased 2 etappi on \u00c4ksi noormehel v\u00f5imalik s\u00f5ita Gazza Honda tiimis, mis on \u00fche tema unistuse t\u00e4itumine. T\u0161ehhi etapil juulis kandis koost\u00f6\u00f6 juba vilja Akseli senise karj\u00e4\u00e4ri parima tulemusena S1GP maailmameistriv\u00f5istlustel, kui ta saavutas superfinaalis 14. koha.<\/span><\/p>\n<p><span style=\"font-weight: 500;\">P\u00e4rnu noormees Karl Takk on mitmel hooajal edukalt osalenud Poola meistriv\u00f5istlustel, t\u00e4navu on tal kolm v\u00f5istlust kahjuks vigastuse t\u00f5ttu vahele j\u00e4\u00e4nud.&nbsp;<\/span><\/p>\n<p><span style=\"font-weight: 500;\">Kolmandaks s\u00f5itjaks pidi tegelikult olema teine kiire noors\u00f5itja Henry J\u00e4rv, kuid kuna tal ei \u00f5nnestunud nii kiiresti kui oleks soovinud tehnikat vahetada, siis valiti J\u00e4rve asemele mitmel korral Eesti koondisesse kuulunud Eero Madissoni noorem vend Eerik Madisson. Viimasel Eesti meistriv\u00f5istluste etapil Kulbilohus n\u00e4itas Eerik head kiirust.<\/span><\/p>\n<p><span style=\"font-weight: 500;\">V\u00e4ga tehniline, kiire ja vaatem\u00e4nguline Sankt Wendeli rada peaks Eesti s\u00f5itjatele h\u00e4sti sobima.&nbsp;<\/span><\/p>\n<p><span style=\"font-weight: 500;\">Rahvuste Supermoto toimub t\u00e4navu 26.-27. septembril Saksamaal. Viimati osales Eesti Rahvuste Supermotol 2023. aastal, kui Patrick Pals, Aksel P\u00e4rtelpoeg ja Eero Madisson t\u00f5id koju 9. koha.<\/span><\/p>\n<p><span style=\"font-weight: 500;\">Supermoto Eesti meistriv\u00f5istlused l\u00f5pevad 12. septembril Aravetel. Seal saab nii rahvuskoondise s\u00f5itjatele kui paljudele teistele kiiretele kaasa elada.<\/span><\/p>\n<p>&nbsp;<\/p>\n","protected":false},"excerpt":{"rendered":"<p>Eesti osaleb t\u00e4navu Rahvuste Supermotol juunioride arvestuses meeskonnaga, kuhu kuuluvad Aksel P\u00e4rtelpoeg (Honda), Karl Takk (Husqvarna) ja Eerik Madisson (KTM).&nbsp; Koondise manageri Karl P\u00e4rtelpoja s\u00f5nul minnakse St. Wendeli rajal toimuvale v\u00f5istlusele p\u00e4ris k\u00f5rgete ootustega. V\u00f5istlusele on t\u00e4navu \u00fcles antud 8 p\u00f5hi- ja 8 juunioride meeskonda 11 riigist. Aksel P\u00e4rtelpoeg on sel hooajal osalenud mitmel maailmameistriv\u00f5istluste [&hellip;]<\/p>\n","protected":false},"author":491,"featured_media":1129946,"comment_status":"closed","ping_status":"closed","sticky":false,"template":"","format":"aside","meta":{"_acf_changed":false,"om_disable_all_campaigns":false,"_monsterinsights_skip_tracking":false,"_monsterinsights_sitenote_active":false,"_monsterinsights_sitenote_note":"","_monsterinsights_sitenote_category":0,"_uf_show_specific_survey":0,"_uf_disable_surveys":false,"ngg_post_thumbnail":0,"footnotes":""},"categories":[3],"tags":[],"acf":[],"aioseo_notices":[],"yoast_head":"<!-- This site is optimized with the Yoast SEO Premium plugin v23.0 (Yoast SEO v23.4) - https:\/\/yoast.com\/wordpress\/plugins\/seo\/ -->\n<title>Eesti paneb Rahvuste Supermotole sel aastal v\u00e4lja juunioride koondise - Eesti Mootorrattaspordi F\u00f6deratsioon<\/title>\n<meta name=\"robots\" content=\"index, follow, max-snippet:-1, max-image-preview:large, max-video-preview:-1\" \/>\n<link rel=\"canonical\" href=\"https:\/\/msport.ee\/2026\/09\/05\/eesti-paneb-rahvuste-supermotole-sel-aastal-valja-juunioride-koondise\/\" \/>\n<meta property=\"og:locale\" content=\"en_US\" \/>\n<meta property=\"og:type\" content=\"article\" \/>\n<meta property=\"og:title\" content=\"Eesti paneb Rahvuste Supermotole sel aastal v\u00e4lja juunioride koondise\" \/>\n<meta property=\"og:description\" content=\"Eesti osaleb t\u00e4navu Rahvuste Supermotol juunioride arvestuses meeskonnaga, kuhu kuuluvad Aksel P\u00e4rtelpoeg (Honda), Karl Takk (Husqvarna) ja Eerik Madisson\" \/>\n<meta property=\"og:url\" content=\"https:\/\/msport.ee\/2026\/09\/05\/eesti-paneb-rahvuste-supermotole-sel-aastal-valja-juunioride-koondise\/\" \/>\n<meta property=\"og:site_name\" content=\"Eesti Mootorrattaspordi F\u00f6deratsioon\" \/>\n<meta property=\"article:publisher\" content=\"https:\/\/www.facebook.com\/EestiMF\/\" \/>\n<meta property=\"article:published_time\" content=\"2026-09-05T12:26:42+00:00\" \/>\n<meta property=\"og:image\" content=\"https:\/\/msport.ee\/wp-content\/uploads\/2026\/09\/Team-Estonia-2026-S1ON-v2.jpg\" \/>\n\t<meta property=\"og:image:width\" content=\"1080\" \/>\n\t<meta property=\"og:image:height\" content=\"1440\" \/>\n\t<meta property=\"og:image:type\" content=\"image\/jpeg\" \/>\n<meta name=\"author\" content=\"Kert P\u00e4\u00e4bo\" \/>\n<meta name=\"twitter:card\" content=\"summary_large_image\" \/>\n<meta name=\"twitter:creator\" content=\"@EMF_tweets\" \/>\n<meta name=\"twitter:site\" content=\"@EMF_tweets\" \/>\n<meta name=\"twitter:label1\" content=\"Written by\" \/>\n\t<meta name=\"twitter:data1\" content=\"Kert P\u00e4\u00e4bo\" \/>\n\t<meta name=\"twitter:label2\" content=\"Est. reading time\" \/>\n\t<meta name=\"twitter:data2\" content=\"2 minutes\" \/>\n<script type=\"application\/ld+json\" class=\"yoast-schema-graph\">{\"@context\":\"https:\/\/schema.org\",\"@graph\":[{\"@type\":\"Article\",\"@id\":\"https:\/\/msport.ee\/2026\/09\/05\/eesti-paneb-rahvuste-supermotole-sel-aastal-valja-juunioride-koondise\/#article\",\"isPartOf\":{\"@id\":\"https:\/\/msport.ee\/2026\/09\/05\/eesti-paneb-rahvuste-supermotole-sel-aastal-valja-juunioride-koondise\/\"},\"author\":{\"name\":\"Kert P\u00e4\u00e4bo\",\"@id\":\"https:\/\/msport.ee\/#\/schema\/person\/63b6bf7212305995d32a24ea535f4650\"},\"headline\":\"Eesti paneb Rahvuste Supermotole sel aastal v\u00e4lja juunioride koondise\",\"datePublished\":\"2026-09-05T12:26:42+00:00\",\"dateModified\":\"2026-09-05T12:26:42+00:00\",\"mainEntityOfPage\":{\"@id\":\"https:\/\/msport.ee\/2026\/09\/05\/eesti-paneb-rahvuste-supermotole-sel-aastal-valja-juunioride-koondise\/\"},\"wordCount\":289,\"publisher\":{\"@id\":\"https:\/\/msport.ee\/#organization\"},\"image\":{\"@id\":\"https:\/\/msport.ee\/2026\/09\/05\/eesti-paneb-rahvuste-supermotole-sel-aastal-valja-juunioride-koondise\/#primaryimage\"},\"thumbnailUrl\":\"https:\/\/msport.ee\/wp-content\/uploads\/2026\/09\/Team-Estonia-2026-S1ON-v2.jpg\",\"articleSection\":[\"Uudised\"],\"inLanguage\":\"en-US\"},{\"@type\":\"WebPage\",\"@id\":\"https:\/\/msport.ee\/2026\/09\/05\/eesti-paneb-rahvuste-supermotole-sel-aastal-valja-juunioride-koondise\/\",\"url\":\"https:\/\/msport.ee\/2026\/09\/05\/eesti-paneb-rahvuste-supermotole-sel-aastal-valja-juunioride-koondise\/\",\"name\":\"Eesti paneb Rahvuste Supermotole sel aastal v\u00e4lja juunioride koondise - Eesti Mootorrattaspordi F\u00f6deratsioon\",\"isPartOf\":{\"@id\":\"https:\/\/msport.ee\/#website\"},\"primaryImageOfPage\":{\"@id\":\"https:\/\/msport.ee\/2026\/09\/05\/eesti-paneb-rahvuste-supermotole-sel-aastal-valja-juunioride-koondise\/#primaryimage\"},\"image\":{\"@id\":\"https:\/\/msport.ee\/2026\/09\/05\/eesti-paneb-rahvuste-supermotole-sel-aastal-valja-juunioride-koondise\/#primaryimage\"},\"thumbnailUrl\":\"https:\/\/msport.ee\/wp-content\/uploads\/2026\/09\/Team-Estonia-2026-S1ON-v2.jpg\",\"datePublished\":\"2026-09-05T12:26:42+00:00\",\"dateModified\":\"2026-09-05T12:26:42+00:00\",\"breadcrumb\":{\"@id\":\"https:\/\/msport.ee\/2026\/09\/05\/eesti-paneb-rahvuste-supermotole-sel-aastal-valja-juunioride-koondise\/#breadcrumb\"},\"inLanguage\":\"en-US\",\"potentialAction\":[{\"@type\":\"ReadAction\",\"target\":[\"https:\/\/msport.ee\/2026\/09\/05\/eesti-paneb-rahvuste-supermotole-sel-aastal-valja-juunioride-koondise\/\"]}]},{\"@type\":\"ImageObject\",\"inLanguage\":\"en-US\",\"@id\":\"https:\/\/msport.ee\/2026\/09\/05\/eesti-paneb-rahvuste-supermotole-sel-aastal-valja-juunioride-koondise\/#primaryimage\",\"url\":\"https:\/\/msport.ee\/wp-content\/uploads\/2026\/09\/Team-Estonia-2026-S1ON-v2.jpg\",\"contentUrl\":\"https:\/\/msport.ee\/wp-content\/uploads\/2026\/09\/Team-Estonia-2026-S1ON-v2.jpg\",\"width\":1080,\"height\":1440},{\"@type\":\"BreadcrumbList\",\"@id\":\"https:\/\/msport.ee\/2026\/09\/05\/eesti-paneb-rahvuste-supermotole-sel-aastal-valja-juunioride-koondise\/#breadcrumb\",\"itemListElement\":[{\"@type\":\"ListItem\",\"position\":1,\"name\":\"Avaleht\",\"item\":\"https:\/\/msport.ee\/\"},{\"@type\":\"ListItem\",\"position\":2,\"name\":\"Eesti paneb Rahvuste Supermotole sel aastal v\u00e4lja juunioride koondise\"}]},{\"@type\":\"WebSite\",\"@id\":\"https:\/\/msport.ee\/#website\",\"url\":\"https:\/\/msport.ee\/\",\"name\":\"Eesti Mootorrattaspordi F\u00f6deratsioon\",\"description\":\"\",\"publisher\":{\"@id\":\"https:\/\/msport.ee\/#organization\"},\"potentialAction\":[{\"@type\":\"SearchAction\",\"target\":{\"@type\":\"EntryPoint\",\"urlTemplate\":\"https:\/\/msport.ee\/?s={search_term_string}\"},\"query-input\":{\"@type\":\"PropertyValueSpecification\",\"valueRequired\":true,\"valueName\":\"search_term_string\"}}],\"inLanguage\":\"en-US\"},{\"@type\":\"Organization\",\"@id\":\"https:\/\/msport.ee\/#organization\",\"name\":\"MT\u00dc Eesti Mootorrattaspordi F\u00f6deratsioon\",\"url\":\"https:\/\/msport.ee\/\",\"logo\":{\"@type\":\"ImageObject\",\"inLanguage\":\"en-US\",\"@id\":\"https:\/\/msport.ee\/#\/schema\/logo\/image\/\",\"url\":\"https:\/\/msport.ee\/wp-content\/uploads\/2014\/02\/emf_www_logo.png\",\"contentUrl\":\"https:\/\/msport.ee\/wp-content\/uploads\/2014\/02\/emf_www_logo.png\",\"width\":140,\"height\":165,\"caption\":\"MT\u00dc Eesti Mootorrattaspordi F\u00f6deratsioon\"},\"image\":{\"@id\":\"https:\/\/msport.ee\/#\/schema\/logo\/image\/\"},\"sameAs\":[\"https:\/\/www.facebook.com\/EestiMF\/\",\"https:\/\/x.com\/EMF_tweets\",\"https:\/\/www.youtube.com\/c\/emftv\"]},{\"@type\":\"Person\",\"@id\":\"https:\/\/msport.ee\/#\/schema\/person\/63b6bf7212305995d32a24ea535f4650\",\"name\":\"Kert P\u00e4\u00e4bo\",\"image\":{\"@type\":\"ImageObject\",\"inLanguage\":\"en-US\",\"@id\":\"https:\/\/msport.ee\/#\/schema\/person\/image\/\",\"url\":\"https:\/\/secure.gravatar.com\/avatar\/13dd84a72bf3fa0979a81ca16f44bf82?s=96&d=mm&r=g\",\"contentUrl\":\"https:\/\/secure.gravatar.com\/avatar\/13dd84a72bf3fa0979a81ca16f44bf82?s=96&d=mm&r=g\",\"caption\":\"Kert P\u00e4\u00e4bo\"},\"url\":\"https:\/\/msport.ee\/en\/author\/kertpaabo\/\"}]}<\/script>\n<!-- \/ Yoast SEO Premium plugin. -->","yoast_head_json":{"title":"Eesti paneb Rahvuste Supermotole sel aastal v\u00e4lja juunioride koondise - Eesti Mootorrattaspordi F\u00f6deratsioon","robots":{"index":"index","follow":"follow","max-snippet":"max-snippet:-1","max-image-preview":"max-image-preview:large","max-video-preview":"max-video-preview:-1"},"canonical":"https:\/\/msport.ee\/2026\/09\/05\/eesti-paneb-rahvuste-supermotole-sel-aastal-valja-juunioride-koondise\/","og_locale":"en_US","og_type":"article","og_title":"Eesti paneb Rahvuste Supermotole sel aastal v\u00e4lja juunioride koondise","og_description":"Eesti osaleb t\u00e4navu Rahvuste Supermotol juunioride arvestuses meeskonnaga, kuhu kuuluvad Aksel P\u00e4rtelpoeg (Honda), Karl Takk (Husqvarna) ja Eerik Madisson","og_url":"https:\/\/msport.ee\/2026\/09\/05\/eesti-paneb-rahvuste-supermotole-sel-aastal-valja-juunioride-koondise\/","og_site_name":"Eesti Mootorrattaspordi F\u00f6deratsioon","article_publisher":"https:\/\/www.facebook.com\/EestiMF\/","article_published_time":"2026-09-05T12:26:42+00:00","og_image":[{"width":1080,"height":1440,"url":"https:\/\/msport.ee\/wp-content\/uploads\/2026\/09\/Team-Estonia-2026-S1ON-v2.jpg","type":"image\/jpeg"}],"author":"Kert P\u00e4\u00e4bo","twitter_card":"summary_large_image","twitter_creator":"@EMF_tweets","twitter_site":"@EMF_tweets","twitter_misc":{"Written by":"Kert P\u00e4\u00e4bo","Est. reading time":"2 minutes"},"schema":{"@context":"https:\/\/schema.org","@graph":[{"@type":"Article","@id":"https:\/\/msport.ee\/2026\/09\/05\/eesti-paneb-rahvuste-supermotole-sel-aastal-valja-juunioride-koondise\/#article","isPartOf":{"@id":"https:\/\/msport.ee\/2026\/09\/05\/eesti-paneb-rahvuste-supermotole-sel-aastal-valja-juunioride-koondise\/"},"author":{"name":"Kert P\u00e4\u00e4bo","@id":"https:\/\/msport.ee\/#\/schema\/person\/63b6bf7212305995d32a24ea535f4650"},"headline":"Eesti paneb Rahvuste Supermotole sel aastal v\u00e4lja juunioride koondise","datePublished":"2026-09-05T12:26:42+00:00","dateModified":"2026-09-05T12:26:42+00:00","mainEntityOfPage":{"@id":"https:\/\/msport.ee\/2026\/09\/05\/eesti-paneb-rahvuste-supermotole-sel-aastal-valja-juunioride-koondise\/"},"wordCount":289,"publisher":{"@id":"https:\/\/msport.ee\/#organization"},"image":{"@id":"https:\/\/msport.ee\/2026\/09\/05\/eesti-paneb-rahvuste-supermotole-sel-aastal-valja-juunioride-koondise\/#primaryimage"},"thumbnailUrl":"https:\/\/msport.ee\/wp-content\/uploads\/2026\/09\/Team-Estonia-2026-S1ON-v2.jpg","articleSection":["Uudised"],"inLanguage":"en-US"},{"@type":"WebPage","@id":"https:\/\/msport.ee\/2026\/09\/05\/eesti-paneb-rahvuste-supermotole-sel-aastal-valja-juunioride-koondise\/","url":"https:\/\/msport.ee\/2026\/09\/05\/eesti-paneb-rahvuste-supermotole-sel-aastal-valja-juunioride-koondise\/","name":"Eesti paneb Rahvuste Supermotole sel aastal v\u00e4lja juunioride koondise - Eesti Mootorrattaspordi F\u00f6deratsioon","isPartOf":{"@id":"https:\/\/msport.ee\/#website"},"primaryImageOfPage":{"@id":"https:\/\/msport.ee\/2026\/09\/05\/eesti-paneb-rahvuste-supermotole-sel-aastal-valja-juunioride-koondise\/#primaryimage"},"image":{"@id":"https:\/\/msport.ee\/2026\/09\/05\/eesti-paneb-rahvuste-supermotole-sel-aastal-valja-juunioride-koondise\/#primaryimage"},"thumbnailUrl":"https:\/\/msport.ee\/wp-content\/uploads\/2026\/09\/Team-Estonia-2026-S1ON-v2.jpg","datePublished":"2026-09-05T12:26:42+00:00","dateModified":"2026-09-05T12:26:42+00:00","breadcrumb":{"@id":"https:\/\/msport.ee\/2026\/09\/05\/eesti-paneb-rahvuste-supermotole-sel-aastal-valja-juunioride-koondise\/#breadcrumb"},"inLanguage":"en-US","potentialAction":[{"@type":"ReadAction","target":["https:\/\/msport.ee\/2026\/09\/05\/eesti-paneb-rahvuste-supermotole-sel-aastal-valja-juunioride-koondise\/"]}]},{"@type":"ImageObject","inLanguage":"en-US","@id":"https:\/\/msport.ee\/2026\/09\/05\/eesti-paneb-rahvuste-supermotole-sel-aastal-valja-juunioride-koondise\/#primaryimage","url":"https:\/\/msport.ee\/wp-content\/uploads\/2026\/09\/Team-Estonia-2026-S1ON-v2.jpg","contentUrl":"https:\/\/msport.ee\/wp-content\/uploads\/2026\/09\/Team-Estonia-2026-S1ON-v2.jpg","width":1080,"height":1440},{"@type":"BreadcrumbList","@id":"https:\/\/msport.ee\/2026\/09\/05\/eesti-paneb-rahvuste-supermotole-sel-aastal-valja-juunioride-koondise\/#breadcrumb","itemListElement":[{"@type":"ListItem","position":1,"name":"Avaleht","item":"https:\/\/msport.ee\/"},{"@type":"ListItem","position":2,"name":"Eesti paneb Rahvuste Supermotole sel aastal v\u00e4lja juunioride koondise"}]},{"@type":"WebSite","@id":"https:\/\/msport.ee\/#website","url":"https:\/\/msport.ee\/","name":"Eesti Mootorrattaspordi F\u00f6deratsioon","description":"","publisher":{"@id":"https:\/\/msport.ee\/#organization"},"potentialAction":[{"@type":"SearchAction","target":{"@type":"EntryPoint","urlTemplate":"https:\/\/msport.ee\/?s={search_term_string}"},"query-input":{"@type":"PropertyValueSpecification","valueRequired":true,"valueName":"search_term_string"}}],"inLanguage":"en-US"},{"@type":"Organization","@id":"https:\/\/msport.ee\/#organization","name":"MT\u00dc Eesti Mootorrattaspordi F\u00f6deratsioon","url":"https:\/\/msport.ee\/","logo":{"@type":"ImageObject","inLanguage":"en-US","@id":"https:\/\/msport.ee\/#\/schema\/logo\/image\/","url":"https:\/\/msport.ee\/wp-content\/uploads\/2014\/02\/emf_www_logo.png","contentUrl":"https:\/\/msport.ee\/wp-content\/uploads\/2014\/02\/emf_www_logo.png","width":140,"height":165,"caption":"MT\u00dc Eesti Mootorrattaspordi F\u00f6deratsioon"},"image":{"@id":"https:\/\/msport.ee\/#\/schema\/logo\/image\/"},"sameAs":["https:\/\/www.facebook.com\/EestiMF\/","https:\/\/x.com\/EMF_tweets","https:\/\/www.youtube.com\/c\/emftv"]},{"@type":"Person","@id":"https:\/\/msport.ee\/#\/schema\/person\/63b6bf7212305995d32a24ea535f4650","name":"Kert P\u00e4\u00e4bo","image":{"@type":"ImageObject","inLanguage":"en-US","@id":"https:\/\/msport.ee\/#\/schema\/person\/image\/","url":"https:\/\/secure.gravatar.com\/avatar\/13dd84a72bf3fa0979a81ca16f44bf82?s=96&d=mm&r=g","contentUrl":"https:\/\/secure.gravatar.com\/avatar\/13dd84a72bf3fa0979a81ca16f44bf82?s=96&d=mm&r=g","caption":"Kert P\u00e4\u00e4bo"},"url":"https:\/\/msport.ee\/en\/author\/kertpaabo\/"}]}},"_links":{"self":[{"href":"https:\/\/msport.ee\/en\/wp-json\/wp\/v2\/posts\/1129945"}],"collection":[{"href":"https:\/\/msport.ee\/en\/wp-json\/wp\/v2\/posts"}],"about":[{"href":"https:\/\/msport.ee\/en\/wp-json\/wp\/v2\/types\/post"}],"author":[{"embeddable":true,"href":"https:\/\/msport.ee\/en\/wp-json\/wp\/v2\/users\/491"}],"replies":[{"embeddable":true,"href":"https:\/\/msport.ee\/en\/wp-json\/wp\/v2\/comments?post=1129945"}],"version-history":[{"count":1,"href":"https:\/\/msport.ee\/en\/wp-json\/wp\/v2\/posts\/1129945\/revisions"}],"predecessor-version":[{"id":1129948,"href":"https:\/\/msport.ee\/en\/wp-json\/wp\/v2\/posts\/1129945\/revisions\/1129948"}],"wp:featuredmedia":[{"embeddable":true,"href":"https:\/\/msport.ee\/en\/wp-json\/wp\/v2\/media\/1129946"}],"wp:attachment":[{"href":"https:\/\/msport.ee\/en\/wp-json\/wp\/v2\/media?parent=1129945"}],"wp:term":[{"taxonomy":"category","embeddable":true,"href":"https:\/\/msport.ee\/en\/wp-json\/wp\/v2\/categories?post=1129945"},{"taxonomy":"post_tag","embeddable":true,"href":"https:\/\/msport.ee\/en\/wp-json\/wp\/v2\/tags?post=1129945"}],"curies":[{"name":"wp","href":"https:\/\/api.w.org\/{rel}","templated":true}]}}